{"id":249215,"date":"2026-01-29T15:53:22","date_gmt":"2026-01-29T15:53:22","guid":{"rendered":"https:\/\/www.europesays.com\/pt\/249215\/"},"modified":"2026-01-29T15:53:22","modified_gmt":"2026-01-29T15:53:22","slug":"elevador-28-janeiro-de-2026-elevador","status":"publish","type":"post","link":"https:\/\/www.europesays.com\/pt\/249215\/","title":{"rendered":"Elevador 28 janeiro de 2026 &#8211; Elevador"},"content":{"rendered":"<p>                            &#13;<br \/>\n                                <img decoding=\"async\" class=\"img-fluid\" src=\"https:\/\/www.europesays.com\/pt\/wp-content\/uploads\/2026\/01\/img_295x184uu2026-01-23-07-32-00-517133.jpg\" alt=\"Ursula von der Leyen\"\/>&#13;<\/p>\n<p>                            <a href=\"https:\/\/www.jornaldenegocios.pt\/elevador\/detalhe\/javascript:void(0)\" style=\"cursor: text;\" title=\"Ursula von der Leyen\" rel=\"nofollow noopener\" target=\"_blank\">Ursula von der Leyen<\/a><\/p>\n<p class=\"MsoNormal\">O acordo comercial estabelecido com a \u00cdndia \u00e9 uma inequ\u00edvoca vit\u00f3ria da presidente da Comiss\u00e3o Europeia. Ursula von der Leyen j\u00e1 tinha fechado com \u00eaxito as negocia\u00e7\u00f5es com o Mercosul. Agora, ao selar um entendimento com o governo indiano, fortalece a tese de que \u00e9 poss\u00edvel construir parceiras comerciais capazes de mitigar os impactos da pol\u00edtica tarif\u00e1ria implementada pelos Estados Unidos.<\/p>\n<p class=\"MsoNormal\">\u00a0<\/p>\n<p>                            &#13;<br \/>\n                                <img decoding=\"async\" class=\"img-fluid\" src=\"https:\/\/www.europesays.com\/pt\/wp-content\/uploads\/2026\/01\/img_295x184uu2026-01-23-09-47-00-517140.jpg\" alt=\"Donald Trump\"\/>&#13;<\/p>\n<p>                            <a href=\"https:\/\/www.jornaldenegocios.pt\/elevador\/detalhe\/javascript:void(0)\" style=\"cursor: text;\" title=\"Donald Trump\" rel=\"nofollow noopener\" target=\"_blank\">Donald Trump<\/a><\/p>\n<p>N\u00e3o contente com as atrocidades cometidas pelos agentes do ICE em Minneapolis, por exemplo, o presidente dos EUA quer agora enviar agentes deste servi\u00e7o de imigra\u00e7\u00e3o em miss\u00e3o de apoio aos Jogos Ol\u00edmpicos de Inverno que se disputam em It\u00e1lia. Trata-se de uma hip\u00f3tese aviltante \u00e0 luz dos \u00faltimos acontecimentos. \u201cN\u00e3o sem bem-vindos em Mil\u00e3o. S\u00e3o uma mil\u00edcia que mata\u201d, sintetiza Giuseppe Sala, l\u00edder da c\u00e2mara desta cidade.<\/p>\n","protected":false},"excerpt":{"rendered":"&#13; &#13; Ursula von der Leyen O acordo comercial estabelecido com a \u00cdndia \u00e9 uma inequ\u00edvoca vit\u00f3ria da&hellip;\n","protected":false},"author":2,"featured_media":249216,"comment_status":"","ping_status":"","sticky":false,"template":"","format":"standard","meta":{"footnotes":""},"categories":[50],"tags":[27,28,15,16,14,9694,25,26,21,22,62,12,13,19,20,23,24,17,18,29,30,31,63,64,65],"class_list":{"0":"post-249215","1":"post","2":"type-post","3":"status-publish","4":"format-standard","5":"has-post-thumbnail","7":"category-mundo","8":"tag-breaking-news","9":"tag-breakingnews","10":"tag-featured-news","11":"tag-featurednews","12":"tag-headlines","13":"tag-jornal-de-negocios","14":"tag-latest-news","15":"tag-latestnews","16":"tag-main-news","17":"tag-mainnews","18":"tag-mundo","19":"tag-news","20":"tag-noticias","21":"tag-noticias-principais","22":"tag-noticiasprincipais","23":"tag-principais-noticias","24":"tag-principaisnoticias","25":"tag-top-stories","26":"tag-topstories","27":"tag-ultimas","28":"tag-ultimas-noticias","29":"tag-ultimasnoticias","30":"tag-world","31":"tag-world-news","32":"tag-worldnews"},"share_on_mastodon":{"url":"https:\/\/pubeurope.com\/@pt\/115979197034828112","error":""},"_links":{"self":[{"href":"https:\/\/www.europesays.com\/pt\/wp-json\/wp\/v2\/posts\/249215","targetHints":{"allow":["GET"]}}],"collection":[{"href":"https:\/\/www.europesays.com\/pt\/wp-json\/wp\/v2\/posts"}],"about":[{"href":"https:\/\/www.europesays.com\/pt\/wp-json\/wp\/v2\/types\/post"}],"author":[{"embeddable":true,"href":"https:\/\/www.europesays.com\/pt\/wp-json\/wp\/v2\/users\/2"}],"replies":[{"embeddable":true,"href":"https:\/\/www.europesays.com\/pt\/wp-json\/wp\/v2\/comments?post=249215"}],"version-history":[{"count":0,"href":"https:\/\/www.europesays.com\/pt\/wp-json\/wp\/v2\/posts\/249215\/revisions"}],"wp:featuredmedia":[{"embeddable":true,"href":"https:\/\/www.europesays.com\/pt\/wp-json\/wp\/v2\/media\/249216"}],"wp:attachment":[{"href":"https:\/\/www.europesays.com\/pt\/wp-json\/wp\/v2\/media?parent=249215"}],"wp:term":[{"taxonomy":"category","embeddable":true,"href":"https:\/\/www.europesays.com\/pt\/wp-json\/wp\/v2\/categories?post=249215"},{"taxonomy":"post_tag","embeddable":true,"href":"https:\/\/www.europesays.com\/pt\/wp-json\/wp\/v2\/tags?post=249215"}],"curies":[{"name":"wp","href":"https:\/\/api.w.org\/{rel}","templated":true}]}}