{"id":249217,"date":"2026-01-29T15:56:12","date_gmt":"2026-01-29T15:56:12","guid":{"rendered":"https:\/\/www.europesays.com\/pt\/249217\/"},"modified":"2026-01-29T15:56:12","modified_gmt":"2026-01-29T15:56:12","slug":"kim-kardashian-explica-gafe-com-fotos-de-principe-harry-e-meghan-markle-odiei","status":"publish","type":"post","link":"https:\/\/www.europesays.com\/pt\/249217\/","title":{"rendered":"Kim Kardashian explica gafe com fotos de Pr\u00edncipe Harry e Meghan Markle: \u2018Odiei\u2019"},"content":{"rendered":"\n<p class=\" content-text__container \" data-track-category=\"Link no Texto\" data-track-links=\"\"> \u201cFoi tudo muito inocente, o que \u00e9 ainda mais maluco\u201d, disse Kim quando perguntada pela irm\u00e3 em rela\u00e7\u00e3o ao ocorrido. \u201cA mam\u00e3e e a Meghan s\u00e3o amigas h\u00e1 alguns anos, e elas t\u00eam uma rela\u00e7\u00e3o muito carinhosa. Tiramos uma foto e depois acho que todos n\u00f3s fomos olhando as imagens. Todo mundo estava ali, sabe, se comunicando sobre o que iria postar. Nunca postamos nada sem permiss\u00e3o. N\u00e3o somos esse tipo de pessoa. Somos muito respeitosas\u201d. <\/p>\n","protected":false},"excerpt":{"rendered":"\u201cFoi tudo muito inocente, o que \u00e9 ainda mais maluco\u201d, disse Kim quando perguntada pela irm\u00e3 em rela\u00e7\u00e3o&hellip;\n","protected":false},"author":2,"featured_media":249218,"comment_status":"","ping_status":"","sticky":false,"template":"","format":"standard","meta":{"footnotes":""},"categories":[145],"tags":[211,210,114,115,32,33],"class_list":{"0":"post-249217","1":"post","2":"type-post","3":"status-publish","4":"format-standard","5":"has-post-thumbnail","7":"category-celebridades","8":"tag-celebridades","9":"tag-celebrities","10":"tag-entertainment","11":"tag-entretenimento","12":"tag-portugal","13":"tag-pt"},"share_on_mastodon":{"url":"https:\/\/pubeurope.com\/@pt\/115979208814940105","error":""},"_links":{"self":[{"href":"https:\/\/www.europesays.com\/pt\/wp-json\/wp\/v2\/posts\/249217","targetHints":{"allow":["GET"]}}],"collection":[{"href":"https:\/\/www.europesays.com\/pt\/wp-json\/wp\/v2\/posts"}],"about":[{"href":"https:\/\/www.europesays.com\/pt\/wp-json\/wp\/v2\/types\/post"}],"author":[{"embeddable":true,"href":"https:\/\/www.europesays.com\/pt\/wp-json\/wp\/v2\/users\/2"}],"replies":[{"embeddable":true,"href":"https:\/\/www.europesays.com\/pt\/wp-json\/wp\/v2\/comments?post=249217"}],"version-history":[{"count":0,"href":"https:\/\/www.europesays.com\/pt\/wp-json\/wp\/v2\/posts\/249217\/revisions"}],"wp:featuredmedia":[{"embeddable":true,"href":"https:\/\/www.europesays.com\/pt\/wp-json\/wp\/v2\/media\/249218"}],"wp:attachment":[{"href":"https:\/\/www.europesays.com\/pt\/wp-json\/wp\/v2\/media?parent=249217"}],"wp:term":[{"taxonomy":"category","embeddable":true,"href":"https:\/\/www.europesays.com\/pt\/wp-json\/wp\/v2\/categories?post=249217"},{"taxonomy":"post_tag","embeddable":true,"href":"https:\/\/www.europesays.com\/pt\/wp-json\/wp\/v2\/tags?post=249217"}],"curies":[{"name":"wp","href":"https:\/\/api.w.org\/{rel}","templated":true}]}}