{"id":249225,"date":"2026-01-29T16:14:10","date_gmt":"2026-01-29T16:14:10","guid":{"rendered":"https:\/\/www.europesays.com\/pt\/249225\/"},"modified":"2026-01-29T16:14:10","modified_gmt":"2026-01-29T16:14:10","slug":"radio-condestavel-serta-kristin-no-concelho-ha-muitas-situacoes-para-resolver","status":"publish","type":"post","link":"https:\/\/www.europesays.com\/pt\/249225\/","title":{"rendered":"R\u00e1dio Condest\u00e1vel | SERT\u00c3\/Kristin: No concelho \u201ch\u00e1 muitas situa\u00e7\u00f5es para resolver\u201d"},"content":{"rendered":"<p>                                                                                &#13;<br \/>\n                                                &#13;<br \/>\n                                                    <img decoding=\"async\" src=\"https:\/\/www.europesays.com\/pt\/wp-content\/uploads\/2026\/01\/kristin_grua.jpg\" alt=\"SERT\u00c3\/Kristin: No concelho \u201ch\u00e1 muitas situa\u00e7\u00f5es para resolver\u201d\" class=\"img-responsive\" stule=\"margin: 0 auto\"\/>&#13;<\/p>\n<p>                                    <img decoding=\"async\" src=\"https:\/\/www.europesays.com\/pt\/wp-content\/uploads\/2026\/01\/1769703250_60_kristin_grua.jpg\" style=\"display:none\"\/><\/p>\n<p>A Depress\u00e3o Kristin deixou um rasto de destrui\u00e7\u00e3o incalcul\u00e1vel na nossa regi\u00e3o e o concelho da Sert\u00e3 n\u00e3o foi excep\u00e7\u00e3o.<br \/>Ao final desta manh\u00e3 ir\u00e1 ter lugar uma reuni\u00e3o da Comiss\u00e3o Municipal de Prote\u00e7\u00e3o Civil (CMPC) da Sert\u00e3 para fazer um ponto de situa\u00e7\u00e3o, no entanto, em declara\u00e7\u00f5es \u00e0 R\u00e1dio Condest\u00e1vel, o Presidente da C\u00e2mara Municipal da Sert\u00e3 avan\u00e7ou, h\u00e1 minutos, que a tempestade, ao que se conhece, n\u00e3o causou v\u00edtimas humanas, apenas muitos danos materiais e na natureza. Ontem atrav\u00e9s dos servi\u00e7os de prote\u00e7\u00e3o foi poss\u00edvel desimpedir as estradas e \u201ca maior parte das estradas do concelho est\u00e1 transit\u00e1vel\u201d disse o autarca. \u201cH\u00e1 muitas casas destelhadas e com problemas e h\u00e1 muitos danos\u201d, incluindo nos edif\u00edcios municipais, como a cobertura do edif\u00edcio dos Pa\u00e7os do Concelho, pavilh\u00f5es desportivos, est\u00e1dios municipais, problemas no telhado da Escola B\u00e1sica da Sert\u00e3 ou em parte da cobertura das oficinas do Agrupamento de Escolas da Sert\u00e3 (AES) e em outras escolas mais pequenas do concelho, avan\u00e7ou Carlos Miranda, refor\u00e7ando que \u201cs\u00e3o situa\u00e7\u00f5es que v\u00e3o criar muitos constrangimentos e problemas que n\u00e3o sendo de grande dimens\u00e3o, s\u00e3o dif\u00edceis de resolver\u201d.<br \/>Ontem e hoje n\u00e3o houve escola, nem no AES nem no Instituto Vaz Serra. Quanto ao dia de amanh\u00e3, \u201cser\u00e1 uma situa\u00e7\u00e3o a rever na reuni\u00e3o de hoje da CMPC.<br \/>Por enquanto ainda h\u00e1 muitas localidades sem eletricidade e sem internet, logo sem possibilidade de comunicar. O apoio \u00e0 popula\u00e7\u00e3o \u201cest\u00e1 a ser feito dentro do poss\u00edvel atrav\u00e9s dos recursos do munic\u00edpio, dos bombeiros, da GNR e de todas as pessoas que possam intervir. Temos o refor\u00e7o de uma equipa de sapadores florestais da Comunidade Intermunicipal da Beira Baixa e estamos coordenados para atender \u00e0s situa\u00e7\u00f5es no terreno\u201d, garantiu Carlos Miranda.<br \/>O maior problema \u00e9 \u201ca imensid\u00e3o de estragos e de \u00e1rea atingida e n\u00e3o \u00e9 f\u00e1cil chegar a todo o lado com a brevidade que se quer. Ontem conseguimos resolver as situa\u00e7\u00f5es de maior emerg\u00eancia e hoje estamos a tratar de outras e vamos continuar no terreno por muito tempo porque a quantidade de estragos \u00e9 enorme. S\u00e3o coisas pequenas mas que n\u00e3o s\u00e3o f\u00e1ceis de resolver\u201d, sustentou o edil sertaginense.<br \/>Por enquanto n\u00e3o se sabe quando ser\u00e3o restabelecidas as comunica\u00e7\u00f5es. \u201cAs esquipas est\u00e3o no terreno mas h\u00e1 muita coisa para resolver\u201d, disse garantindo que est\u00e1 a acompanhar o evoluir da situa\u00e7\u00e3o com as equipas que est\u00e3o no terreno.<br \/>A terminar o autarca apelou \u00e0 calma e \u00e0 serenidade das pessoas. \u201cO pior da tempestade j\u00e1 passou e agora \u00e9 tempo de nos unirmos e tentar contribuir para que as coisas funcionem. Dentro do que cada um puder fazer, para ajudar a resolver a situa\u00e7\u00e3o, tanto melhor. N\u00e3o vale a pena haver atitudes de p\u00e2nico\u201d, descansou o presidente.<br \/>De sublinhar que a R\u00e1dio Condest\u00e1vel est\u00e1 sem energia e por isso sem emiss\u00e3o nos tr\u00eas emissores.<\/p>\n","protected":false},"excerpt":{"rendered":"&#13; &#13; &#13; A Depress\u00e3o Kristin deixou um rasto de destrui\u00e7\u00e3o incalcul\u00e1vel na nossa regi\u00e3o e o concelho&hellip;\n","protected":false},"author":2,"featured_media":249226,"comment_status":"","ping_status":"","sticky":false,"template":"","format":"standard","meta":{"footnotes":""},"categories":[141],"tags":[114,115,149,150,32,33],"class_list":{"0":"post-249225","1":"post","2":"type-post","3":"status-publish","4":"format-standard","5":"has-post-thumbnail","7":"category-musica","8":"tag-entertainment","9":"tag-entretenimento","10":"tag-music","11":"tag-musica","12":"tag-portugal","13":"tag-pt"},"share_on_mastodon":{"url":"https:\/\/pubeurope.com\/@pt\/115979279577139329","error":""},"_links":{"self":[{"href":"https:\/\/www.europesays.com\/pt\/wp-json\/wp\/v2\/posts\/249225","targetHints":{"allow":["GET"]}}],"collection":[{"href":"https:\/\/www.europesays.com\/pt\/wp-json\/wp\/v2\/posts"}],"about":[{"href":"https:\/\/www.europesays.com\/pt\/wp-json\/wp\/v2\/types\/post"}],"author":[{"embeddable":true,"href":"https:\/\/www.europesays.com\/pt\/wp-json\/wp\/v2\/users\/2"}],"replies":[{"embeddable":true,"href":"https:\/\/www.europesays.com\/pt\/wp-json\/wp\/v2\/comments?post=249225"}],"version-history":[{"count":0,"href":"https:\/\/www.europesays.com\/pt\/wp-json\/wp\/v2\/posts\/249225\/revisions"}],"wp:featuredmedia":[{"embeddable":true,"href":"https:\/\/www.europesays.com\/pt\/wp-json\/wp\/v2\/media\/249226"}],"wp:attachment":[{"href":"https:\/\/www.europesays.com\/pt\/wp-json\/wp\/v2\/media?parent=249225"}],"wp:term":[{"taxonomy":"category","embeddable":true,"href":"https:\/\/www.europesays.com\/pt\/wp-json\/wp\/v2\/categories?post=249225"},{"taxonomy":"post_tag","embeddable":true,"href":"https:\/\/www.europesays.com\/pt\/wp-json\/wp\/v2\/tags?post=249225"}],"curies":[{"name":"wp","href":"https:\/\/api.w.org\/{rel}","templated":true}]}}