{"id":249311,"date":"2026-01-29T18:06:22","date_gmt":"2026-01-29T18:06:22","guid":{"rendered":"https:\/\/www.europesays.com\/pt\/249311\/"},"modified":"2026-01-29T18:06:22","modified_gmt":"2026-01-29T18:06:22","slug":"faltam-85-segundos-para-a-meia-noite-humanidade-esta-mais-perto-do-que-nunca-da-destruicao-por-causas-politicas","status":"publish","type":"post","link":"https:\/\/www.europesays.com\/pt\/249311\/","title":{"rendered":"&#8220;Faltam 85 segundos para a meia noite&#8221;. Humanidade est\u00e1 mais perto do que nunca da destrui\u00e7\u00e3o por causas pol\u00edticas"},"content":{"rendered":"<p>\t                O ic\u00f3nico Rel\u00f3gio do Ju\u00edzo Final reduziu para 85 segundos o per\u00edodo de tempo simb\u00f3lico que falta para a meia-noite, o fim do tempo<\/p>\n<p>A Humanidade est\u00e1 mais perto do que nunca da sua destrui\u00e7\u00e3o, com EUA, China e Federa\u00e7\u00e3o Russa e outros Estados a tornarem-se &#8220;cada vez mais agressivos, advers\u00e1rios e nacionalistas&#8221;, alertou um grupo de cientistas.<\/p>\n<p>Em consequ\u00eancia, o ic\u00f3nico Rel\u00f3gio do Ju\u00edzo Final (<a href=\"https:\/\/thebulletin.org\/doomsday-clock\/\" target=\"_blank\" rel=\"nofollow noopener\">&#8216;Doomsday Clock&#8217;<\/a>), divulgado na ter\u00e7a-feira pelo Bulletin of the Atomic Scientists (Boletim dos Cientistas At\u00f3micos) reduziu para 85 segundos o per\u00edodo de tempo simb\u00f3lico que falta para a meia-noite, o fim do tempo.<\/p>\n<p>Os autores da iniciativa justificaram a sua decis\u00e3o com o risco de guerra nuclear, a rutura clim\u00e1tica global, o potencial mau uso da biotecnologia e o uso crescente da intelig\u00eancia artificial sem controlo adequado.<\/p>\n<p>Este an\u00fancio anual ilustra o qu\u00e3o perto a Humanidade est\u00e1 perto do seu fim.<\/p>\n<p>Em 2025, o rel\u00f3gio tinha sido colocado a 89 segundos da meia-noite<\/p>\n<p>Desde ent\u00e3o, &#8220;entendimentos globais conseguidos muito dificilmente est\u00e3o a colapsar, a concorr\u00eancia entre grandes poderes, em que o vencedor fica com tudo, est\u00e1 a acelerar e a minar a coopera\u00e7\u00e3o internacional&#8221; necess\u00e1ria para reunir riscos existenciais, acentuou o grupo. \u00a0<\/p>\n<p>H\u00e1 preocupa\u00e7\u00e3o com a amea\u00e7a de agravamento de conflitos ente Estados possuidores de armas nucleares, a prop\u00f3sito do que se aponta a invas\u00e3o russa da Ucr\u00e2nia e a guerra subsequente, o conflito de maio entre \u00cdndia e Paquist\u00e3o e a possibilidade de o Ir\u00e3o desenvolver armas nucleares, apesar dos ataques no ver\u00e3o passado feitos por Israel e EUA.<\/p>\n<p>Por outro lado, a confian\u00e7a e coopera\u00e7\u00e3o internacional s\u00e3o vistas como essenciais, porque, &#8220;se o mundo se divide em eles-contra-n\u00f3s, abordagens de soma zero, aumenta a probabilidade de todos perdermos&#8221;, disse Daniel Holz, presidente da \u00e1rea de Ci\u00eancia e Seguran\u00e7a do grupo.<\/p>\n<p>Os cientistas do Bulletin tamb\u00e9m destacam as secas, as vagas de calor e as inunda\u00e7\u00f5es associadas \u00e0 rutura clim\u00e1tica global, bem como a incapacidade de os Estados adotarem medidas significativas de combate ao aquecimento global &#8211;\u00a0destacando em particular os esfor\u00e7os de Donald Trump para aumentar a produ\u00e7\u00e3o de combust\u00edveis f\u00f3sseis e atacar a produ\u00e7\u00e3o de energia renov\u00e1vel.<\/p>\n<p>Desde a sua cria\u00e7\u00e3o, em 1947, o grupo tem usado o rel\u00f3gio para ilustrar o potencial e at\u00e9 a probabilidade de as pessoas fazerem coisas que possam levar \u00e0 extin\u00e7\u00e3o da Humanidade.<\/p>\n<p>No fim da Guerra Fria, o rel\u00f3gio estava a 17 minutos da meia-noite. Mas nos \u00faltimos anos, para acentuar a necessidade de respostas efetivas aos problemas globais, o grupo mudou a contagem de minutos para os segundos que faltam para a meia-noite. \u00a0<\/p>\n<p>O tempo em causa pode ser aumentado se os Estados trabalharem em conjunto para resolverem os riscos existenciais.<\/p>\n","protected":false},"excerpt":{"rendered":"O ic\u00f3nico Rel\u00f3gio do Ju\u00edzo Final reduziu para 85 segundos o per\u00edodo de tempo simb\u00f3lico que falta para&hellip;\n","protected":false},"author":2,"featured_media":249312,"comment_status":"","ping_status":"","sticky":false,"template":"","format":"standard","meta":{"footnotes":""},"categories":[50],"tags":[609,836,611,27,28,4769,607,608,333,832,604,135,610,46748,476,15,16,301,830,14,603,25,26,570,21,22,831,833,62,834,12,13,19,20,835,602,52,32,23,24,46747,17,18,29,30,31,63,64,65],"class_list":{"0":"post-249311","1":"post","2":"type-post","3":"status-publish","4":"format-standard","5":"has-post-thumbnail","7":"category-mundo","8":"tag-alerta","9":"tag-analise","10":"tag-ao-minuto","11":"tag-breaking-news","12":"tag-breakingnews","13":"tag-cientistas","14":"tag-cnn","15":"tag-cnn-portugal","16":"tag-comentadores","17":"tag-costa","18":"tag-crime","19":"tag-desporto","20":"tag-direto","21":"tag-doomsday-clock","22":"tag-economia","23":"tag-featured-news","24":"tag-featurednews","25":"tag-governo","26":"tag-guerra","27":"tag-headlines","28":"tag-justica","29":"tag-latest-news","30":"tag-latestnews","31":"tag-live","32":"tag-main-news","33":"tag-mainnews","34":"tag-mais-vistas","35":"tag-marcelo","36":"tag-mundo","37":"tag-negocios","38":"tag-news","39":"tag-noticias","40":"tag-noticias-principais","41":"tag-noticiasprincipais","42":"tag-opiniao","43":"tag-pais","44":"tag-politica","45":"tag-portugal","46":"tag-principais-noticias","47":"tag-principaisnoticias","48":"tag-relogio-do-juizo-final","49":"tag-top-stories","50":"tag-topstories","51":"tag-ultimas","52":"tag-ultimas-noticias","53":"tag-ultimasnoticias","54":"tag-world","55":"tag-world-news","56":"tag-worldnews"},"share_on_mastodon":{"url":"","error":"Validation failed: Text character limit of 500 exceeded"},"_links":{"self":[{"href":"https:\/\/www.europesays.com\/pt\/wp-json\/wp\/v2\/posts\/249311","targetHints":{"allow":["GET"]}}],"collection":[{"href":"https:\/\/www.europesays.com\/pt\/wp-json\/wp\/v2\/posts"}],"about":[{"href":"https:\/\/www.europesays.com\/pt\/wp-json\/wp\/v2\/types\/post"}],"author":[{"embeddable":true,"href":"https:\/\/www.europesays.com\/pt\/wp-json\/wp\/v2\/users\/2"}],"replies":[{"embeddable":true,"href":"https:\/\/www.europesays.com\/pt\/wp-json\/wp\/v2\/comments?post=249311"}],"version-history":[{"count":0,"href":"https:\/\/www.europesays.com\/pt\/wp-json\/wp\/v2\/posts\/249311\/revisions"}],"wp:featuredmedia":[{"embeddable":true,"href":"https:\/\/www.europesays.com\/pt\/wp-json\/wp\/v2\/media\/249312"}],"wp:attachment":[{"href":"https:\/\/www.europesays.com\/pt\/wp-json\/wp\/v2\/media?parent=249311"}],"wp:term":[{"taxonomy":"category","embeddable":true,"href":"https:\/\/www.europesays.com\/pt\/wp-json\/wp\/v2\/categories?post=249311"},{"taxonomy":"post_tag","embeddable":true,"href":"https:\/\/www.europesays.com\/pt\/wp-json\/wp\/v2\/tags?post=249311"}],"curies":[{"name":"wp","href":"https:\/\/api.w.org\/{rel}","templated":true}]}}