{"id":249313,"date":"2026-01-29T18:09:13","date_gmt":"2026-01-29T18:09:13","guid":{"rendered":"https:\/\/www.europesays.com\/pt\/249313\/"},"modified":"2026-01-29T18:09:13","modified_gmt":"2026-01-29T18:09:13","slug":"e-essa-roupa-rayssa-leal-faz-18-anos-e-aposta-em-looks-ousados","status":"publish","type":"post","link":"https:\/\/www.europesays.com\/pt\/249313\/","title":{"rendered":"E essa roupa? Rayssa Leal faz 18 anos e aposta em looks ousados"},"content":{"rendered":"<p>\n                        Rayssa Leal celebrou a chegada dos 18 anos em grande estilo, com festa futurista, convidados famosos e troca de looks ao longo da noite\n                    <\/p>\n<p class=\"text\">A &#8220;Fadinha&#8221; do skate cresceu e em grande estilo. Campe\u00e3 mundial e um dos maiores nomes do esporte brasileiro, <strong>Rayssa Leal<\/strong> comemorou a chegada dos seus 18 anos com uma festa luxuosa e cheia de personalidade no \u00faltimo final de semana. A celebra\u00e7\u00e3o aconteceu na noite de sexta-feira (23), em Imperatriz, no Maranh\u00e3o, cidade natal da atleta, e marcou oficialmente o in\u00edcio de uma nova fase em sua vida pessoal e profissional.<\/p>\n<p><img loading=\"lazy\" decoding=\"async\" alt=\"Rayssa Leal e Thaynara OG\" class=\"img-24a00781f6cf43642959391f250e9597ywx3szhd\" height=\"435\" src=\"https:\/\/www.europesays.com\/pt\/wp-content\/uploads\/2026\/01\/1113438203-rayssa-leal-e-thaynara-og.jpg\"  title=\"Rayssa Leal e Thaynara OG\" width=\"774\"\/><\/p>\n<p>Rayssa Leal e Thaynara OG<\/p>\n<p>Foto: Fonte: Reprodu\u00e7\u00e3o\/ Redes Sociais \/ Contigo<\/p>\n<p class=\"text\">O evento reuniu amigos pr\u00f3ximos, familiares e influenciadores digitais, al\u00e9m de contar com show do cantor <strong>L\u00e9o Foguete<\/strong>, que animou os convidados ao longo da noite. A festa chamou aten\u00e7\u00e3o n\u00e3o s\u00f3 pelo clima de comemora\u00e7\u00e3o, mas tamb\u00e9m pela produ\u00e7\u00e3o sofisticada, pensada nos m\u00ednimos detalhes para refletir a identidade moderna de <strong>Rayssa<\/strong>. O sal\u00e3o ganhou decora\u00e7\u00e3o customizada com tem\u00e1tica tecnol\u00f3gica e ilumina\u00e7\u00e3o interativa, criando uma experi\u00eancia imersiva para quem esteve presente.<\/p>\n<p class=\"text\">Durante a recep\u00e7\u00e3o, <strong>Rayssa<\/strong> apostou em um vestido preto longo, repleto de brilho, refor\u00e7ando a eleg\u00e2ncia da ocasi\u00e3o. Mais tarde, a skatista trocou o look por um vestido curto e confort\u00e1vel, ideal para curtir a pista de dan\u00e7a e aproveitar cada momento da festa ao lado dos convidados.<\/p>\n<p class=\"text\">A apresentadora <strong>Thaynara OG<\/strong> registrou detalhes da comemora\u00e7\u00e3o em seu perfil no Instagram. Em uma foto ao lado da aniversariante, a influencer brincou na legenda: &#8220;\u00c9 oficial, galera! Estamos velhos! 18t\u00e3o da Rayssa Leal e ela t\u00e1 mais alta que n\u00f3s! Felicidades, merm\u00e3! Voc\u00ea merece tudo de mais lindo desse mundo&#8221;. O registro rapidamente repercutiu nas redes sociais.<\/p>\n<p class=\"text\">Com apenas 18 anos, <strong>Rayssa Leal<\/strong> segue colecionando conquistas dentro e fora das pistas, mostrando que talento, carisma e autenticidade continuam sendo suas maiores marcas.<\/p>\n<p><strong>O que a festa de 18 anos de Rayssa Leal revela sobre sua nova fase?<\/strong><\/p>\n<p class=\"text\">A comemora\u00e7\u00e3o luxuosa vai al\u00e9m de uma simples celebra\u00e7\u00e3o de anivers\u00e1rio e simboliza a transi\u00e7\u00e3o de <strong>Rayssa Leal<\/strong> para uma etapa mais madura de sua vida. Ao reunir pessoas importantes, investir em uma produ\u00e7\u00e3o tecnol\u00f3gica e assumir diferentes estilos ao longo da noite, a atleta mostrou que est\u00e1 pronta para novos desafios. A festa representou n\u00e3o s\u00f3 o encerramento de um ciclo, mas tamb\u00e9m o in\u00edcio de uma fase em que <strong>Rayssa<\/strong> segue crescendo, se reinventando e consolidando ainda mais seu espa\u00e7o como refer\u00eancia no esporte e na cultura jovem brasileira.<\/p>\n<p class=\"text\"><strong>Confira:<\/strong><\/p>\n<blockquote class=\"instagram-media\" data-instgrm-captioned=\"\" data-instgrm-permalink=\"https:\/\/www.instagram.com\/p\/DT4JNWujf8t\/?utm_source=ig_embed&amp;utm_campaign=loading\" data-instgrm-version=\"14\" style=\"background: #FFF; border: 0; border-radius: 3px; box-shadow: 0 0 1px 0 rgba(0,0,0,0.5),0 1px 10px 0 rgba(0,0,0,0.15); margin: 1px; max-width: 540px; min-width: 326px; padding: 0; width: calc(100% - 2px);\">\n<p>     View this post on Instagram <\/p>\n<p class=\"text\" style=\"color: #c9c8cd; font-family: Arial,sans-serif; font-size: 14px; line-height: 17px; margin-bottom: 0; margin-top: 8px; overflow: hidden; padding: 8px 0 7px; text-align: center; text-overflow: ellipsis; white-space: nowrap;\"><a href=\"https:\/\/www.instagram.com\/p\/DT4JNWujf8t\/?utm_source=ig_embed&amp;utm_campaign=loading\" rel=\"noopener nofollow\" style=\"color: #c9c8cd; font-family: Arial,sans-serif; font-size: 14px; font-style: normal; font-weight: normal; line-height: 17px; text-decoration: none;\" target=\"_blank\">A post shared by @thaynaraog<\/a><\/p>\n<\/blockquote>\n<p>                            <script async src=\"\/\/www.instagram.com\/embed.js\"><\/script><\/p>\n","protected":false},"excerpt":{"rendered":"Rayssa Leal celebrou a chegada dos 18 anos em grande estilo, com festa futurista, convidados famosos e troca&hellip;\n","protected":false},"author":2,"featured_media":249314,"comment_status":"","ping_status":"","sticky":false,"template":"","format":"standard","meta":{"footnotes":""},"categories":[145],"tags":[211,210,114,115,32,33],"class_list":{"0":"post-249313","1":"post","2":"type-post","3":"status-publish","4":"format-standard","5":"has-post-thumbnail","7":"category-celebridades","8":"tag-celebridades","9":"tag-celebrities","10":"tag-entertainment","11":"tag-entretenimento","12":"tag-portugal","13":"tag-pt"},"share_on_mastodon":{"url":"https:\/\/pubeurope.com\/@pt\/115979731765537781","error":""},"_links":{"self":[{"href":"https:\/\/www.europesays.com\/pt\/wp-json\/wp\/v2\/posts\/249313","targetHints":{"allow":["GET"]}}],"collection":[{"href":"https:\/\/www.europesays.com\/pt\/wp-json\/wp\/v2\/posts"}],"about":[{"href":"https:\/\/www.europesays.com\/pt\/wp-json\/wp\/v2\/types\/post"}],"author":[{"embeddable":true,"href":"https:\/\/www.europesays.com\/pt\/wp-json\/wp\/v2\/users\/2"}],"replies":[{"embeddable":true,"href":"https:\/\/www.europesays.com\/pt\/wp-json\/wp\/v2\/comments?post=249313"}],"version-history":[{"count":0,"href":"https:\/\/www.europesays.com\/pt\/wp-json\/wp\/v2\/posts\/249313\/revisions"}],"wp:featuredmedia":[{"embeddable":true,"href":"https:\/\/www.europesays.com\/pt\/wp-json\/wp\/v2\/media\/249314"}],"wp:attachment":[{"href":"https:\/\/www.europesays.com\/pt\/wp-json\/wp\/v2\/media?parent=249313"}],"wp:term":[{"taxonomy":"category","embeddable":true,"href":"https:\/\/www.europesays.com\/pt\/wp-json\/wp\/v2\/categories?post=249313"},{"taxonomy":"post_tag","embeddable":true,"href":"https:\/\/www.europesays.com\/pt\/wp-json\/wp\/v2\/tags?post=249313"}],"curies":[{"name":"wp","href":"https:\/\/api.w.org\/{rel}","templated":true}]}}