{"id":249315,"date":"2026-01-29T18:12:08","date_gmt":"2026-01-29T18:12:08","guid":{"rendered":"https:\/\/www.europesays.com\/pt\/249315\/"},"modified":"2026-01-29T18:12:08","modified_gmt":"2026-01-29T18:12:08","slug":"paradise-serie-de-ryan-murphy-e-mais-estreias-do-disney-em-fevereiro","status":"publish","type":"post","link":"https:\/\/www.europesays.com\/pt\/249315\/","title":{"rendered":"Paradise, s\u00e9rie de Ryan Murphy e mais estreias do Disney+ em fevereiro"},"content":{"rendered":"<p>O\u00a0<strong>Disney+\u00a0<\/strong>revelou hoje seu calend\u00e1rio de novidades para fevereiro deste ano. Com destaque para o retorno de\u00a0<strong>Paradise <\/strong>e os novos epis\u00f3dios de <strong>The Beauty: Lindos de Morrer<\/strong>, nova s\u00e9rie de <strong>Ryan Murphy<\/strong>,\u00a0veja a lista completa de s\u00e9ries e filmes a seguir.<\/p>\n<p>\u00a0<\/p>\n<p>            Continua depois da Publicidade<\/p>\n<ul>\n<li>Bel-Air\u00a0(4\u00aa temporada) | 4 de fevereiro<\/li>\n<li>Uma Mente Excepcional\u00a0(2\u00aa temporada) | todas as quartas<\/li>\n<li>Os Muppets: O Show Especial\u00a0| 4 de fevereiro<\/li>\n<li>Imperfeitamente Perfeita\u00a0| 5 de fevereiro<\/li>\n<li>Me Conte Mentiras (3\u00aa temporada) | 17 de fevereiro<\/li>\n<li>Paradise\u00a0(2\u00aa temporada) | 23 de fevereiro<\/li>\n<li>Em um Piscar de Olhos\u00a0| 27 de fevereiro<\/li>\n<li>The Beauty: Lindos de Morrer (1\u00aa temporada)\u00a0| novos epis\u00f3dios todas as quartas<\/li>\n<\/ul>\n<p>Com co-cria\u00e7\u00e3o, roteiro e produ\u00e7\u00e3o executiva de Ryan Murphy e\u00a0<strong>Matt Hodgson<\/strong>, a trama vai se basear na HQ hom\u00f4nima de\u00a0<strong>Jeremy Haun<\/strong>\u00a0e<strong>\u00a0Jason A. Hurley<\/strong>. Na HQ, vemos um mundo em que \u00e9 poss\u00edvel se tornar mais bela a cada dia atrav\u00e9s de rela\u00e7\u00f5es sexuais. A estreia ficou para\u00a021 de janeiro de 2026.<\/p>\n<p>A maioria da popula\u00e7\u00e3o conquistou sua beleza constante, mas a dupla de detetives Drew Foster e Kara Vaughn descobre que isso tem um alto custo para a humanidade.<\/p>\n<p><a data-mrf-link=\"https:\/\/www.omelete.com.br\/series-tv\/the-beauty-evan-peters-ashton-kutcher\" href=\"https:\/\/www.omelete.com.br\/series-tv\/the-beauty-evan-peters-ashton-kutcher\" rel=\"nofollow noopener\" target=\"_blank\"><strong>Ashton Kutcher\u00a0<\/strong>e\u00a0<strong>Evan Peters\u00a0<\/strong><\/a>far\u00e3o parte da produ\u00e7\u00e3o, ainda em pap\u00e9is n\u00e3o revelados. Contudo, \u00e9 poss\u00edvel que Peters fa\u00e7a o protagonista da s\u00e9rie, enquanto Kutcher deve fazer um bilion\u00e1rio da tecnologia e poss\u00edvel vil\u00e3o da hist\u00f3ria.\u00a0<\/p>\n<p>            Continua depois da Publicidade<\/p>\n<p data-gtm-vis-first-on-screen67967661_30=\"199644\" data-gtm-vis-has-fired67967661_30=\"1\" data-gtm-vis-total-visible-time67967661_30=\"100\">Al\u00e9m dos dois,\u00a0<strong>Rebecca Hall<\/strong>,\u00a0<strong>Jeremy Pope<\/strong>,\u00a0<strong>Bella Hadid<\/strong>,\u00a0<strong>Anthony Ramos<\/strong>\u00a0e\u00a0<strong>Isabella Rossellini\u00a0<\/strong>far\u00e3o parte do elenco da s\u00e9rie, que chega em<strong> <\/strong>21 de janeiro de 2026.\u00a0<\/p>\n","protected":false},"excerpt":{"rendered":"O\u00a0Disney+\u00a0revelou hoje seu calend\u00e1rio de novidades para fevereiro deste ano. Com destaque para o retorno de\u00a0Paradise e os&hellip;\n","protected":false},"author":2,"featured_media":249316,"comment_status":"","ping_status":"","sticky":false,"template":"","format":"standard","meta":{"footnotes":""},"categories":[142],"tags":[114,115,32,33,151],"class_list":{"0":"post-249315","1":"post","2":"type-post","3":"status-publish","4":"format-standard","5":"has-post-thumbnail","7":"category-tv","8":"tag-entertainment","9":"tag-entretenimento","10":"tag-portugal","11":"tag-pt","12":"tag-tv"},"share_on_mastodon":{"url":"https:\/\/pubeurope.com\/@pt\/115979743557695523","error":""},"_links":{"self":[{"href":"https:\/\/www.europesays.com\/pt\/wp-json\/wp\/v2\/posts\/249315","targetHints":{"allow":["GET"]}}],"collection":[{"href":"https:\/\/www.europesays.com\/pt\/wp-json\/wp\/v2\/posts"}],"about":[{"href":"https:\/\/www.europesays.com\/pt\/wp-json\/wp\/v2\/types\/post"}],"author":[{"embeddable":true,"href":"https:\/\/www.europesays.com\/pt\/wp-json\/wp\/v2\/users\/2"}],"replies":[{"embeddable":true,"href":"https:\/\/www.europesays.com\/pt\/wp-json\/wp\/v2\/comments?post=249315"}],"version-history":[{"count":0,"href":"https:\/\/www.europesays.com\/pt\/wp-json\/wp\/v2\/posts\/249315\/revisions"}],"wp:featuredmedia":[{"embeddable":true,"href":"https:\/\/www.europesays.com\/pt\/wp-json\/wp\/v2\/media\/249316"}],"wp:attachment":[{"href":"https:\/\/www.europesays.com\/pt\/wp-json\/wp\/v2\/media?parent=249315"}],"wp:term":[{"taxonomy":"category","embeddable":true,"href":"https:\/\/www.europesays.com\/pt\/wp-json\/wp\/v2\/categories?post=249315"},{"taxonomy":"post_tag","embeddable":true,"href":"https:\/\/www.europesays.com\/pt\/wp-json\/wp\/v2\/tags?post=249315"}],"curies":[{"name":"wp","href":"https:\/\/api.w.org\/{rel}","templated":true}]}}