{"id":249317,"date":"2026-01-29T18:14:11","date_gmt":"2026-01-29T18:14:11","guid":{"rendered":"https:\/\/www.europesays.com\/pt\/249317\/"},"modified":"2026-01-29T18:14:11","modified_gmt":"2026-01-29T18:14:11","slug":"com-shailene-woodley-paradise-ganha-trailer-oficial-para-a-2a-temporada","status":"publish","type":"post","link":"https:\/\/www.europesays.com\/pt\/249317\/","title":{"rendered":"Com Shailene Woodley, Paradise ganha trailer oficial para a 2\u00aa temporada"},"content":{"rendered":"<p class=\"wp-block-yoast-seo-estimated-reading-time yoast-reading-time__wrapper\">Estimated reading time: 2 minutos<\/p>\n<p>A segunda temporada da s\u00e9rie <a href=\"https:\/\/ovicio.com.br\/tag\/paradise\/\" target=\"_blank\" rel=\"noreferrer noopener nofollow\">Paradise<\/a> estrear\u00e1 em <strong>23 de fevereiro<\/strong> no cat\u00e1logo do <strong>Disney+<\/strong> com tr\u00eas epis\u00f3dios, e acaba de receber um trailer oficial pelo <strong>Hulu<\/strong>.<\/p>\n<p>O grande destaque fica pela introdu\u00e7\u00e3o de <strong>Shailene Woodley<\/strong> (Big Little Lies) como uma personagem misteriosa dos pr\u00f3ximos epis\u00f3dios.<\/p>\n<p>Na trama, &#8220;<strong>Xavier (Sterling K. Brown) sai pelo mundo em busca da esposa Teri e descobre como as pessoas sobreviveram aos tr\u00eas anos desde O Dia. De volta a Paradise, o tecido social come\u00e7a a se desgastar enquanto o bunker lida com as consequ\u00eancias da primeira temporada, e novos segredos s\u00e3o revelados sobre as origens da cidade<\/strong>.&#8221;<\/p>\n<p><strong>Sarah Shahi<\/strong> (Ad\u00e3o Negro) e <strong>James Marsden<\/strong> (SONIC: O Filme) tamb\u00e9m retornam no elenco.<\/p>\n<p>Leia mais sobre Paradise:<\/p>\n<p>Paradise \u00e9 uma cria\u00e7\u00e3o de\u00a0<strong>Dan Fogelman<\/strong>\u00a0(This Is Us).<\/p>\n<p>A temporada original garantiu a certifica\u00e7\u00e3o Fresh no\u00a0<strong>Rotten Tomatoes<\/strong>\u00a0com\u00a0<strong>80% de aprova\u00e7\u00e3o<\/strong>, ap\u00f3s 46 avalia\u00e7\u00f5es.<\/p>\n<p><strong>Fonte<\/strong>: <a href=\"https:\/\/www.youtube.com\/watch?v=wQfqQ-oIXiA\" target=\"_blank\" rel=\"noreferrer noopener nofollow\">Hulu<\/a><\/p>\n","protected":false},"excerpt":{"rendered":"Estimated reading time: 2 minutos A segunda temporada da s\u00e9rie Paradise estrear\u00e1 em 23 de fevereiro no cat\u00e1logo&hellip;\n","protected":false},"author":2,"featured_media":249318,"comment_status":"","ping_status":"","sticky":false,"template":"","format":"standard","meta":{"footnotes":""},"categories":[140],"tags":[7539,114,115,147,148,146,46749,32,33],"class_list":{"0":"post-249317","1":"post","2":"type-post","3":"status-publish","4":"format-standard","5":"has-post-thumbnail","7":"category-filmes","8":"tag-disney-plus","9":"tag-entertainment","10":"tag-entretenimento","11":"tag-film","12":"tag-filmes","13":"tag-movies","14":"tag-paradise","15":"tag-portugal","16":"tag-pt"},"share_on_mastodon":{"url":"https:\/\/pubeurope.com\/@pt\/115979751660479364","error":""},"_links":{"self":[{"href":"https:\/\/www.europesays.com\/pt\/wp-json\/wp\/v2\/posts\/249317","targetHints":{"allow":["GET"]}}],"collection":[{"href":"https:\/\/www.europesays.com\/pt\/wp-json\/wp\/v2\/posts"}],"about":[{"href":"https:\/\/www.europesays.com\/pt\/wp-json\/wp\/v2\/types\/post"}],"author":[{"embeddable":true,"href":"https:\/\/www.europesays.com\/pt\/wp-json\/wp\/v2\/users\/2"}],"replies":[{"embeddable":true,"href":"https:\/\/www.europesays.com\/pt\/wp-json\/wp\/v2\/comments?post=249317"}],"version-history":[{"count":0,"href":"https:\/\/www.europesays.com\/pt\/wp-json\/wp\/v2\/posts\/249317\/revisions"}],"wp:featuredmedia":[{"embeddable":true,"href":"https:\/\/www.europesays.com\/pt\/wp-json\/wp\/v2\/media\/249318"}],"wp:attachment":[{"href":"https:\/\/www.europesays.com\/pt\/wp-json\/wp\/v2\/media?parent=249317"}],"wp:term":[{"taxonomy":"category","embeddable":true,"href":"https:\/\/www.europesays.com\/pt\/wp-json\/wp\/v2\/categories?post=249317"},{"taxonomy":"post_tag","embeddable":true,"href":"https:\/\/www.europesays.com\/pt\/wp-json\/wp\/v2\/tags?post=249317"}],"curies":[{"name":"wp","href":"https:\/\/api.w.org\/{rel}","templated":true}]}}