{"id":249321,"date":"2026-01-29T18:19:09","date_gmt":"2026-01-29T18:19:09","guid":{"rendered":"https:\/\/www.europesays.com\/pt\/249321\/"},"modified":"2026-01-29T18:19:09","modified_gmt":"2026-01-29T18:19:09","slug":"empresario-que-paga-ferias-de-luxo-aos-trabalhadores-compra-tecnologica-de-braga","status":"publish","type":"post","link":"https:\/\/www.europesays.com\/pt\/249321\/","title":{"rendered":"Empres\u00e1rio que paga f\u00e9rias de luxo aos trabalhadores compra tecnol\u00f3gica de Braga"},"content":{"rendered":"<p>O Grupo Bernardo da Costa comprou o tamb\u00e9m bracarense ADN Group, empresa t\u00e9cnol\u00f3gica liderada pelo empres\u00e1rio Rui Leal, que \u201cfica no capital e vai manter-se como CEO\u201d, foi hoje anunciado.<\/p>\n<p>&#13;<br \/>\n&#13;<br \/>\n&#13;<\/p>\n<p>\u201cO digital \u00e9 hoje uma dimens\u00e3o estrat\u00e9gica em qualquer organiza\u00e7\u00e3o que queira crescer com consist\u00eancia. A integra\u00e7\u00e3o do ADN Group refor\u00e7a a nossa capacidade tecnol\u00f3gica com uma equipa que combina execu\u00e7\u00e3o, vis\u00e3o moderna e uma cultura de proximidade que valorizamos\u201d, justificou Ricardo Costa, \u2018chairman\u2019 do Grupo Bernardo da Costa, conhecido por pagar f\u00e9rias em destinos de luxo aos seus trabalhadores.<\/p>\n<p>\u201cQueremos continuar a investir em \u00e1reas com futuro, sem perder aquilo que nos define: o cuidado com as pessoas e uma forma de trabalhar que mant\u00e9m a dimens\u00e3o humana, mesmo quando o tema \u00e9 tecnologia\u201d, acrescenta o empres\u00e1rio bracarense que se notabilizou tamb\u00e9m por criar o \u201cDepartamento da Felicidade\u201d para os seus funcion\u00e1rios.<\/p>\n<p>O ADN Group faturou 400 mil euros em 2025. \u201cPara este ano, prevemos chegar aos 750 mil euros e at\u00e9 2030 aos dois milh\u00f5es de euros\u201d, apontou Ricardo Costa, que \u00e9 tamb\u00e9m autor do livro \u201cA Felicidade \u00e9 Lucrativa\u201d, em declara\u00e7\u00f5es ao <a href=\"https:\/\/www.jornaldenegocios.pt\/empresas\/tecnologias\/detalhe\/empresario-da-felicidade-e-lucrativa-compra-tecnologica-de-rui-leal\" rel=\"noopener nofollow\" target=\"_blank\">Jornal de Neg\u00f3cios<\/a>.<\/p>\n<p>Atualmente, a tecnol\u00f3gica tem 13 trabalhadores, mas at\u00e9 ao final deste ano prev\u00ea chegar aos 20.<\/p>\n<p>Por seu turno, o ADN Group considera que a integra\u00e7\u00e3o na Bernardo da Costa lhe d\u00e1 \u201crobustez, proje\u00e7\u00e3o e capacidade para acelerar\u201d.<\/p>\n<p>\u201c\u00c9 um novo cap\u00edtulo com mais estrutura e mais ambi\u00e7\u00e3o, mantendo a mesma base: humanizar o digital e p\u00f4r a tecnologia ao servi\u00e7o das pessoas e dos resultados\u201d, afirma Rui Leal, citado em comunicado enviado a O MINHO.<\/p>\n<p>Para Ricardo Costa, com esta integra\u00e7\u00e3o, o Grupo Bernardo da Costa \u201crefor\u00e7a a sua capacidade para apoiar empresas de diferentes setores e dimens\u00f5es, desde a estrat\u00e9gia digital e comunica\u00e7\u00e3o at\u00e9 \u00e0 implementa\u00e7\u00e3o tecnol\u00f3gica, desenvolvimento web e programa\u00e7\u00e3o, com equipas especializadas e um modelo de trabalho mais integrado\u201d.<\/p>\n<p class=\"has-text-align-right\"><strong>Not\u00edcia atualizada \u00e0s 15h02 com comunicado do Grupo Bernardo da Costa.<\/strong><\/p>\n","protected":false},"excerpt":{"rendered":"O Grupo Bernardo da Costa comprou o tamb\u00e9m bracarense ADN Group, empresa t\u00e9cnol\u00f3gica liderada pelo empres\u00e1rio Rui Leal,&hellip;\n","protected":false},"author":2,"featured_media":249322,"comment_status":"","ping_status":"","sticky":false,"template":"","format":"standard","meta":{"footnotes":""},"categories":[83],"tags":[88,89,90,32,33],"class_list":{"0":"post-249321","1":"post","2":"type-post","3":"status-publish","4":"format-standard","5":"has-post-thumbnail","7":"category-empresas","8":"tag-business","9":"tag-economy","10":"tag-empresas","11":"tag-portugal","12":"tag-pt"},"share_on_mastodon":{"url":"https:\/\/pubeurope.com\/@pt\/115979771152254485","error":""},"_links":{"self":[{"href":"https:\/\/www.europesays.com\/pt\/wp-json\/wp\/v2\/posts\/249321","targetHints":{"allow":["GET"]}}],"collection":[{"href":"https:\/\/www.europesays.com\/pt\/wp-json\/wp\/v2\/posts"}],"about":[{"href":"https:\/\/www.europesays.com\/pt\/wp-json\/wp\/v2\/types\/post"}],"author":[{"embeddable":true,"href":"https:\/\/www.europesays.com\/pt\/wp-json\/wp\/v2\/users\/2"}],"replies":[{"embeddable":true,"href":"https:\/\/www.europesays.com\/pt\/wp-json\/wp\/v2\/comments?post=249321"}],"version-history":[{"count":0,"href":"https:\/\/www.europesays.com\/pt\/wp-json\/wp\/v2\/posts\/249321\/revisions"}],"wp:featuredmedia":[{"embeddable":true,"href":"https:\/\/www.europesays.com\/pt\/wp-json\/wp\/v2\/media\/249322"}],"wp:attachment":[{"href":"https:\/\/www.europesays.com\/pt\/wp-json\/wp\/v2\/media?parent=249321"}],"wp:term":[{"taxonomy":"category","embeddable":true,"href":"https:\/\/www.europesays.com\/pt\/wp-json\/wp\/v2\/categories?post=249321"},{"taxonomy":"post_tag","embeddable":true,"href":"https:\/\/www.europesays.com\/pt\/wp-json\/wp\/v2\/tags?post=249321"}],"curies":[{"name":"wp","href":"https:\/\/api.w.org\/{rel}","templated":true}]}}