{"id":249327,"date":"2026-01-29T18:23:13","date_gmt":"2026-01-29T18:23:13","guid":{"rendered":"https:\/\/www.europesays.com\/pt\/249327\/"},"modified":"2026-01-29T18:23:13","modified_gmt":"2026-01-29T18:23:13","slug":"roupa-de-grazi-massafera-rouba-a-cena-em-festa-de-dona-beja-escolheu-isso","status":"publish","type":"post","link":"https:\/\/www.europesays.com\/pt\/249327\/","title":{"rendered":"Roupa de Grazi Massafera rouba a cena em festa de &#8216;Dona Beja&#8217;: &#8216;Escolheu isso?&#8217;"},"content":{"rendered":"<p>\n                        Estrela da nova novela! Roupa de Grazi Massafera rouba a cena em festa de &#8216;Dona Beja&#8217;; veja a produ\u00e7\u00e3o da atriz\n                    <\/p>\n<ul class=\"article__header__author\">\n<li class=\"article__header__author__item\">\n                                                Por:<br \/>\n                                                                                    Felipe Gatto \/ Contigo\n                                                                        <\/li>\n<\/ul>\n<p class=\"text\">Na noite da \u00faltima ter\u00e7a-feira, 27, aconteceu na Sala S\u00e3o Paulo, na regi\u00e3o central da capital paulista, a pr\u00e9-estreia da nova novela da HBO Max, <strong>Dona Beja<\/strong>, reunindo os astros e estrelas que fazem parte da trama de \u00e9poca.<\/p>\n<p><img loading=\"lazy\" decoding=\"async\" alt=\"Grazi Massafera\" class=\"img-b32c9b8046221c6a96ea723540f45ac8jpdvd9wh\" height=\"487\" src=\"https:\/\/www.europesays.com\/pt\/wp-content\/uploads\/2026\/01\/1717376252-grazi.jpg\"  title=\"Grazi Massafera\" width=\"774\"\/><\/p>\n<p>Grazi Massafera<\/p>\n<p>Foto: Reprodu\u00e7\u00e3o\/Instagram \/ Contigo<\/p>\n<p class=\"text\">Protagonista da hist\u00f3ria que ganhou uma adapta\u00e7\u00e3o com ares de super produ\u00e7\u00e3o, a atriz <strong>Grazi Massafera<\/strong> brilhou durante a festa de lan\u00e7amento do folhetim que vai estrear na pr\u00f3xima semana no cat\u00e1logo do streaming.<\/p>\n<p class=\"text\">Com um look cinza decotado, curtinho, cabelos pretos e sand\u00e1lias de salto alto, a artista atraiu os flashes dos fot\u00f3grafos presentes no evento, al\u00e9m de muitos olhares dos convidados e colegas de elenco dela na obra.<\/p>\n<p class=\"text\">Esbanjando beleza e eleg\u00e2ncia, a famosa que atualmente vive a vil\u00e3 Arminda na novela <strong>Tr\u00eas Gra\u00e7as<\/strong> foi bastante elogiada ao mostrar o modelito dela no Instagram. No feed, Grazi colocou algumas fotos da sua produ\u00e7\u00e3o e agradou aos f\u00e3s, que a chamaram de linda demais, mulher\u00e3o, musa da TV, Dona Beja maravilhosa e obra de arte.<\/p>\n<p class=\"text\">&#8220;Escolheu isso para jogar na cara da sociedade que sabe ser linda, elegante, chique e sexy ao mesmo tempo n\u00e9. Dona Grazi sempre arrasa e d\u00e1 o que falar por onde ela passa!&#8221;, exaltou um seguidor da atriz e ex-BBB na web.<\/p>\n<p class=\"text\">Colegas de elenco da estrela na trama da Globo, <strong>Andr\u00e9ia Horta, Sophie Charlotte<\/strong> e at\u00e9 a apresentadora <a href=\"https:\/\/www.terra.com.br\/tudo-sobre\/angelica\" target=\"_self\" rel=\"nofollow noopener\">Ang\u00e9lica<\/a> se renderam aos adjetivos para falar dela na internet. &#8220;Uma verdadeira deusa mesmo!&#8221;, nomeou uma admiradora.]<\/p>\n<p>Quem mais estar\u00e1 em Dona Beja?<\/p>\n<p class=\"text\">O elenco da nova novela de \u00e9poca da HBO Max, Dona Beja, conta ainda com outros nomes de peso e ex-artistas da TV Globo, caso de<strong> Tuca Andrada, David Junior, Deborah Evelyn, Erika Januza, Isabela Garcia, Bianca Bin, Otavio Muller, Indira Nascimento, Werner Sch\u00fcnemann, Roberto Bontempo,<\/strong> dentre v\u00e1rios outros.<\/p>\n<p>Veja mais do look da Grazi:<\/p>\n<blockquote class=\"instagram-media\" data-instgrm-captioned=\"\" data-instgrm-permalink=\"https:\/\/www.instagram.com\/p\/DUCF5cXDemS\/?utm_source=ig_embed&amp;utm_campaign=loading\" data-instgrm-version=\"14\" style=\"background: #FFF; border: 0; border-radius: 3px; box-shadow: 0 0 1px 0 rgba(0,0,0,0.5),0 1px 10px 0 rgba(0,0,0,0.15); margin: 1px; max-width: 540px; min-width: 326px; padding: 0; width: calc(100% - 2px);\">\n<p>     Ver essa foto no Instagram <\/p>\n<p class=\"text\" style=\"color: #c9c8cd; font-family: Arial,sans-serif; font-size: 14px; line-height: 17px; margin-bottom: 0; margin-top: 8px; overflow: hidden; padding: 8px 0 7px; text-align: center; text-overflow: ellipsis; white-space: nowrap;\"><a href=\"https:\/\/www.instagram.com\/p\/DUCF5cXDemS\/?utm_source=ig_embed&amp;utm_campaign=loading\" rel=\"noopener nofollow\" style=\"color: #c9c8cd; font-family: Arial,sans-serif; font-size: 14px; font-style: normal; font-weight: normal; line-height: 17px; text-decoration: none;\" target=\"_blank\">Um post compartilhado por Grazi Massafera (@massafera)<\/a><\/p>\n<\/blockquote>\n<p>                            <script async src=\"\/\/www.instagram.com\/embed.js\"><\/script><\/p>\n","protected":false},"excerpt":{"rendered":"Estrela da nova novela! Roupa de Grazi Massafera rouba a cena em festa de &#8216;Dona Beja&#8217;; veja a&hellip;\n","protected":false},"author":2,"featured_media":249328,"comment_status":"","ping_status":"","sticky":false,"template":"","format":"standard","meta":{"footnotes":""},"categories":[145],"tags":[211,210,114,115,32,33],"class_list":{"0":"post-249327","1":"post","2":"type-post","3":"status-publish","4":"format-standard","5":"has-post-thumbnail","7":"category-celebridades","8":"tag-celebridades","9":"tag-celebrities","10":"tag-entertainment","11":"tag-entretenimento","12":"tag-portugal","13":"tag-pt"},"share_on_mastodon":{"url":"https:\/\/pubeurope.com\/@pt\/115979786856726779","error":""},"_links":{"self":[{"href":"https:\/\/www.europesays.com\/pt\/wp-json\/wp\/v2\/posts\/249327","targetHints":{"allow":["GET"]}}],"collection":[{"href":"https:\/\/www.europesays.com\/pt\/wp-json\/wp\/v2\/posts"}],"about":[{"href":"https:\/\/www.europesays.com\/pt\/wp-json\/wp\/v2\/types\/post"}],"author":[{"embeddable":true,"href":"https:\/\/www.europesays.com\/pt\/wp-json\/wp\/v2\/users\/2"}],"replies":[{"embeddable":true,"href":"https:\/\/www.europesays.com\/pt\/wp-json\/wp\/v2\/comments?post=249327"}],"version-history":[{"count":0,"href":"https:\/\/www.europesays.com\/pt\/wp-json\/wp\/v2\/posts\/249327\/revisions"}],"wp:featuredmedia":[{"embeddable":true,"href":"https:\/\/www.europesays.com\/pt\/wp-json\/wp\/v2\/media\/249328"}],"wp:attachment":[{"href":"https:\/\/www.europesays.com\/pt\/wp-json\/wp\/v2\/media?parent=249327"}],"wp:term":[{"taxonomy":"category","embeddable":true,"href":"https:\/\/www.europesays.com\/pt\/wp-json\/wp\/v2\/categories?post=249327"},{"taxonomy":"post_tag","embeddable":true,"href":"https:\/\/www.europesays.com\/pt\/wp-json\/wp\/v2\/tags?post=249327"}],"curies":[{"name":"wp","href":"https:\/\/api.w.org\/{rel}","templated":true}]}}