{"id":249329,"date":"2026-01-29T18:26:11","date_gmt":"2026-01-29T18:26:11","guid":{"rendered":"https:\/\/www.europesays.com\/pt\/249329\/"},"modified":"2026-01-29T18:26:11","modified_gmt":"2026-01-29T18:26:11","slug":"lembra-dela-tassia-camargo-faz-65-anos-e-aposta-em-carreira-internacional","status":"publish","type":"post","link":"https:\/\/www.europesays.com\/pt\/249329\/","title":{"rendered":"Lembra dela? T\u00e1ssia Camargo faz 65 anos e aposta em carreira internacional"},"content":{"rendered":"<p>A atriz T\u00e1ssia Camargo completa 65 anos nesta quinta-feira (29) vivendo longe do Brasil, pa\u00eds onde construiu uma carreira marcada por pap\u00e9is de destaque nas novelas das d\u00e9cadas de 1980 e 1990. Desde 2017, a artista mora em Portugal, onde segue atuando profissionalmente em produ\u00e7\u00f5es de televis\u00e3o e teatro.<\/p>\n<p>A mudan\u00e7a para o pa\u00eds europeu foi motivada por quest\u00f5es de seguran\u00e7a. Atualmente, T\u00e1ssia vive em Pinhal Novo, vila localizada a cerca de 25 minutos de carro de Lisboa. Segundo a atriz, a tranquilidade do cotidiano portugu\u00eas foi determinante para sua adapta\u00e7\u00e3o.<\/p>\n<p>Em entrevista ao jornal Extra, ela contou que passou a incorporar aspectos do modo de falar local ap\u00f3s anos de conviv\u00eancia com portugueses. \u201cEu n\u00e3o tenho sotaque, mas a escrita e a fala eu peguei. Estou oito anos a ouvir e conviver s\u00f3 com portugueses. Tenho tr\u00eas ou quatro amigos brasileiros que j\u00e1 moram c\u00e1 h\u00e1 30 anos. Ent\u00e3o, os ouvidos se acostumam\u201d, afirmou.<\/p>\n<p>T\u00e1ssia revelou ainda que tem se dedicado a aprender o hino nacional de Portugal. \u201cEu acho que \u00e9 uma obriga\u00e7\u00e3o minha, se eu moro em Portugal, saber escrever como os que vivem c\u00e1 e saber o hino do pa\u00eds. Estou h\u00e1 dois anos nesse processo de decorar a letra. Ainda n\u00e3o consegui, porque vivo ocupada. Mas os portugueses s\u00e3o muito generosos, me receberam muito bem\u201d, disse.<\/p>\n<p>Apesar da adapta\u00e7\u00e3o, a atriz admite sentir saudades do Brasil. \u201cNunca mais voltei ao Brasil, nem a passeio. Obviamente, morro de saudades do Rio de Janeiro, dos meus amigos, do cheiro da\u00ed. Mas hoje sinto que a minha casa \u00e9 aqui\u201d, contou.<\/p>\n<p>Ela tamb\u00e9m destacou a sensa\u00e7\u00e3o de seguran\u00e7a como um dos principais diferenciais da vida em Portugal. \u201cEm Portugal, tenho uma tranquilidade\u2026 Saio de carro com a bolsa do lado e sei que n\u00e3o vou ser assaltada. N\u00e3o existe insulfilm nos vidros. Um dia, quando eu visitar o Brasil, vou bem escondidinha\u201d, declarou.<\/p>\n<p><strong>Trajet\u00f3ria art\u00edstica<\/strong><\/p>\n<p>Nascida em Guarulhos, em S\u00e3o Paulo, T\u00e1ssia Camargo estreou na televis\u00e3o em 1981, na s\u00e9rie Os Adolescentes, exibida pela Band. No ano seguinte, passou a integrar o elenco da TV Globo, onde construiu grande parte de sua carreira.<\/p>\n<p>Entre seus trabalhos mais conhecidos est\u00e3o as personagens Nina, em P\u00e3o P\u00e3o Beijo Beijo (1983), Marlene, em O Salvador da P\u00e1tria (1989), Elisa, em Tieta (1989), e L\u00facia, vivida em tr\u00eas temporadas de Malha\u00e7\u00e3o, entre 2004 e 2006.<\/p>\n<p><img decoding=\"async\" src=\"https:\/\/www.europesays.com\/pt\/wp-content\/uploads\/2026\/01\/41686675-2008.1989-arquivo-o-globo-projeto-memoria-televisao-novelas-tieta-paulo-betti-t.jpg\" alt=\"Em cena de &quot;Tieta&quot;: Elisa (T\u00e1ssia Camargo) sonha com o gal\u00e3 de novelas Tarc\u00edsio Meira \u2014 Foto: Rede Globo\/Divulga\u00e7\u00e3o\"\/><\/p>\n<p>No humor, ganhou destaque ao interpretar Marina da Gl\u00f3ria no Chico Anysio Show e na Escolinha do Professor Raimundo, em participa\u00e7\u00f5es que marcaram o in\u00edcio dos anos 1980 e a d\u00e9cada de 1990.<\/p>\n","protected":false},"excerpt":{"rendered":"A atriz T\u00e1ssia Camargo completa 65 anos nesta quinta-feira (29) vivendo longe do Brasil, pa\u00eds onde construiu uma&hellip;\n","protected":false},"author":2,"featured_media":249330,"comment_status":"","ping_status":"","sticky":false,"template":"","format":"standard","meta":{"footnotes":""},"categories":[142],"tags":[114,115,32,33,151],"class_list":{"0":"post-249329","1":"post","2":"type-post","3":"status-publish","4":"format-standard","5":"has-post-thumbnail","7":"category-tv","8":"tag-entertainment","9":"tag-entretenimento","10":"tag-portugal","11":"tag-pt","12":"tag-tv"},"share_on_mastodon":{"url":"https:\/\/pubeurope.com\/@pt\/115979798625730263","error":""},"_links":{"self":[{"href":"https:\/\/www.europesays.com\/pt\/wp-json\/wp\/v2\/posts\/249329","targetHints":{"allow":["GET"]}}],"collection":[{"href":"https:\/\/www.europesays.com\/pt\/wp-json\/wp\/v2\/posts"}],"about":[{"href":"https:\/\/www.europesays.com\/pt\/wp-json\/wp\/v2\/types\/post"}],"author":[{"embeddable":true,"href":"https:\/\/www.europesays.com\/pt\/wp-json\/wp\/v2\/users\/2"}],"replies":[{"embeddable":true,"href":"https:\/\/www.europesays.com\/pt\/wp-json\/wp\/v2\/comments?post=249329"}],"version-history":[{"count":0,"href":"https:\/\/www.europesays.com\/pt\/wp-json\/wp\/v2\/posts\/249329\/revisions"}],"wp:featuredmedia":[{"embeddable":true,"href":"https:\/\/www.europesays.com\/pt\/wp-json\/wp\/v2\/media\/249330"}],"wp:attachment":[{"href":"https:\/\/www.europesays.com\/pt\/wp-json\/wp\/v2\/media?parent=249329"}],"wp:term":[{"taxonomy":"category","embeddable":true,"href":"https:\/\/www.europesays.com\/pt\/wp-json\/wp\/v2\/categories?post=249329"},{"taxonomy":"post_tag","embeddable":true,"href":"https:\/\/www.europesays.com\/pt\/wp-json\/wp\/v2\/tags?post=249329"}],"curies":[{"name":"wp","href":"https:\/\/api.w.org\/{rel}","templated":true}]}}