{"id":249416,"date":"2026-01-29T20:11:10","date_gmt":"2026-01-29T20:11:10","guid":{"rendered":"https:\/\/www.europesays.com\/pt\/249416\/"},"modified":"2026-01-29T20:11:10","modified_gmt":"2026-01-29T20:11:10","slug":"seungmin-do-stray-kids-lanca-musica-solo-escrita-por-changbin","status":"publish","type":"post","link":"https:\/\/www.europesays.com\/pt\/249416\/","title":{"rendered":"Seungmin, do Stray Kids, lan\u00e7a m\u00fasica solo escrita por Changbin"},"content":{"rendered":"<p>  <img loading=\"lazy\" width=\"1024\" height=\"538\" src=\"https:\/\/www.europesays.com\/pt\/wp-content\/uploads\/2026\/01\/Seungmin-e-Changbin-do-Stray-Kids-Reproducao_Instagram-1024x538.webp.webp\" class=\"attachment-large size-large wp-post-image\" alt=\"Seungmin e Changbin\" style=\"height:auto;width:100%;\" decoding=\"async\"   title=\"Seungmin, do Stray Kids, lan\u00e7a m\u00fasica solo escrita por Changbin 1\"\/><\/p>\n<p class=\"wp-caption-text\" style=\"font-size: 10px;color: #666666;margin-top: 6px;border-bottom: 1px solid #e3e3e3;padding-bottom: 6px;\">Seungmin e Changbin, do Stray Kids (Reprodu\u00e7\u00e3o\/Instagram)<\/p>\n<p><strong>Seungmin<\/strong> e <strong>Changbin<\/strong> provaram que s\u00e3o amigos dentro e fora do<strong> <a href=\"https:\/\/billboard.com.br\/artistas\/stray-kids\/\" data-internallinksmanager029f6b8e52c=\"219\" title=\"Stray Kids\" rel=\"nofollow noopener\" target=\"_blank\">Stray Kids<\/a><\/strong>. Acontece que o primeiro acabou de lan\u00e7ar uma faixa solo que foi escrita pelo colega, chamada \u201cStill Here\u201d.<\/p>\n<p>A faixa carrega um tom mais contemplativo, em que a letra reflete sobre estagna\u00e7\u00e3o emocional e a incapacidade de seguir em frente, como a sensa\u00e7\u00e3o de andar, mas n\u00e3o sair do mesmo lugar.<\/p>\n<p>O destaque da m\u00fasica assinada por Changbin, que dividiu a composi\u00e7\u00e3o com<strong> Nickko Young<\/strong> e <strong>MillionBoy<\/strong>, s\u00e3o os vocais intimistas e melanc\u00f3licos de Seungmin.<\/p>\n<p>A faixa ganhou um <a href=\"https:\/\/billboard.com.br\/video-billboard\/\" data-internallinksmanager029f6b8e52c=\"201\" title=\"V\u00eddeo\" rel=\"nofollow noopener\" target=\"_blank\">v\u00eddeo<\/a> exclusivo, com destaque para a letra da faixa e cen\u00e1rios igualmente contemplativos. Ele j\u00e1 est\u00e1 dispon\u00edvel no YouTube.<\/p>\n<p>Stray Kids nos cinemas<\/p>\n<p>O ano de 2026 ser\u00e1 mais que especial para as f\u00e3s brasileiras de <a href=\"https:\/\/billboard.com.br\/artistas\/stray-kids\/\" data-internallinksmanager029f6b8e52c=\"219\" title=\"Stray Kids\" rel=\"nofollow noopener\" target=\"_blank\">Stray Kids<\/a>. Al\u00e9m de serem uma das atra\u00e7\u00f5es confirmadas no <a href=\"https:\/\/billboard.com.br\/festivais\/rock-in-rio\/\" data-internallinksmanager029f6b8e52c=\"161\" title=\"Rock in Rio\" rel=\"nofollow noopener\" target=\"_blank\">Rock in Rio<\/a>,<a href=\"https:\/\/billboard.com.br\/stray-kids-trailer-cinema-brasil\/\" rel=\"nofollow noopener\" target=\"_blank\"> um novo filme do grupo chega por aqui em fevereiro.<\/a><\/p>\n<p>No pr\u00f3ximo dia 5 de fevereiro, f\u00e3s do <a href=\"https:\/\/billboard.com.br\/artistas\/stray-kids\/\" data-internallinksmanager029f6b8e52c=\"219\" title=\"Stray Kids\" rel=\"nofollow noopener\" target=\"_blank\">Stray Kids<\/a> v\u00e3o poder prestigiar o filme-show \u201c \u201c<a href=\"https:\/\/billboard.com.br\/artistas\/stray-kids\/\" data-internallinksmanager029f6b8e52c=\"219\" title=\"Stray Kids\" rel=\"nofollow noopener\" target=\"_blank\">Stray Kids<\/a>: The dominATE Experience\u201d.<\/p>\n<p>A produ\u00e7\u00e3o traz uma perspectiva in\u00e9dita do grupo de K-pop, narrada pelos oito integrantes, com imagens exclusivas de bastidores e de momentos pessoais, incluindo hist\u00f3rias emocionantes de conex\u00e3o entre os idols e os f\u00e3s.<\/p>\n<p>\ud83d\udcf2\u00a0<a href=\"https:\/\/www.whatsapp.com\/channel\/0029ValKuvo4dTnMRyrLrD0W\" target=\"_blank\" rel=\"noopener nofollow\"><b>K-POP NO WHATSAPP: Participe do canal da Billboard Brasil para not\u00edcias e entrevistas exclusivas!<\/b><\/a><\/p>\n<p><img loading=\"lazy\" decoding=\"async\" class=\"size-full wp-image-173389\" src=\"data:image\/svg+xml,%3Csvg%20xmlns=\" http:=\"\" alt=\"Stray Kids\" width=\"1200\" height=\"630\" title=\"Seungmin, do Stray Kids, lan\u00e7a m\u00fasica solo escrita por Changbin 2\" data-lazy- data-lazy- data-lazy-src=\"https:\/\/www.europesays.com\/pt\/wp-content\/uploads\/2026\/01\/1769717470_638_stray-kids-1.jpg\"\/><a href=\"https:\/\/billboard.com.br\/artistas\/stray-kids\/\" data-internallinksmanager029f6b8e52c=\"219\" title=\"Stray Kids\" rel=\"nofollow noopener\" target=\"_blank\">Stray Kids<\/a> (JYP Entertainment)<\/p>\n","protected":false},"excerpt":{"rendered":"Seungmin e Changbin, do Stray Kids (Reprodu\u00e7\u00e3o\/Instagram) Seungmin e Changbin provaram que s\u00e3o amigos dentro e fora do&hellip;\n","protected":false},"author":2,"featured_media":249417,"comment_status":"","ping_status":"","sticky":false,"template":"","format":"standard","meta":{"footnotes":""},"categories":[141],"tags":[114,115,149,150,32,33],"class_list":{"0":"post-249416","1":"post","2":"type-post","3":"status-publish","4":"format-standard","5":"has-post-thumbnail","7":"category-musica","8":"tag-entertainment","9":"tag-entretenimento","10":"tag-music","11":"tag-musica","12":"tag-portugal","13":"tag-pt"},"share_on_mastodon":{"url":"https:\/\/pubeurope.com\/@pt\/115980211524893704","error":""},"_links":{"self":[{"href":"https:\/\/www.europesays.com\/pt\/wp-json\/wp\/v2\/posts\/249416","targetHints":{"allow":["GET"]}}],"collection":[{"href":"https:\/\/www.europesays.com\/pt\/wp-json\/wp\/v2\/posts"}],"about":[{"href":"https:\/\/www.europesays.com\/pt\/wp-json\/wp\/v2\/types\/post"}],"author":[{"embeddable":true,"href":"https:\/\/www.europesays.com\/pt\/wp-json\/wp\/v2\/users\/2"}],"replies":[{"embeddable":true,"href":"https:\/\/www.europesays.com\/pt\/wp-json\/wp\/v2\/comments?post=249416"}],"version-history":[{"count":0,"href":"https:\/\/www.europesays.com\/pt\/wp-json\/wp\/v2\/posts\/249416\/revisions"}],"wp:featuredmedia":[{"embeddable":true,"href":"https:\/\/www.europesays.com\/pt\/wp-json\/wp\/v2\/media\/249417"}],"wp:attachment":[{"href":"https:\/\/www.europesays.com\/pt\/wp-json\/wp\/v2\/media?parent=249416"}],"wp:term":[{"taxonomy":"category","embeddable":true,"href":"https:\/\/www.europesays.com\/pt\/wp-json\/wp\/v2\/categories?post=249416"},{"taxonomy":"post_tag","embeddable":true,"href":"https:\/\/www.europesays.com\/pt\/wp-json\/wp\/v2\/tags?post=249416"}],"curies":[{"name":"wp","href":"https:\/\/api.w.org\/{rel}","templated":true}]}}