{"id":249418,"date":"2026-01-29T20:13:16","date_gmt":"2026-01-29T20:13:16","guid":{"rendered":"https:\/\/www.europesays.com\/pt\/249418\/"},"modified":"2026-01-29T20:13:16","modified_gmt":"2026-01-29T20:13:16","slug":"champions-league-veja-os-times-que-vao-disputar-os-playoffs-eliminatorios","status":"publish","type":"post","link":"https:\/\/www.europesays.com\/pt\/249418\/","title":{"rendered":"Champions League: veja os times que v\u00e3o disputar os playoffs eliminat\u00f3rios"},"content":{"rendered":"<p class=\"my-5 break-words group-[.isActiveSource]:text-xl\">A Champions League 2025-26 conheceu, <a href=\"https:\/\/www.cnnbrasil.com.br\/esportes\/futebol\/futebol-internacional\/champions-league\/champions-league-veja-os-resultados-da-ultima-rodada-da-fase-de-liga\/\" class=\"text-red-600 underline hover:text-red-500 font-medium break-words group-[.isActiveSource]:text-xl\" target=\"_self\" rel=\"nofollow noopener\">nesta quarta-feira (28)<\/a>, os 16 times que ter\u00e3o que disputar a fase de playoffs eliminat\u00f3rios em fevereiro, em confrontos de ida e volta.<\/p>\n<p class=\"my-5 break-words group-[.isActiveSource]:text-xl\">De acordo com o regulamento do atual formato do torneio, do 9\u00ba ao 24\u00ba colocados da fase de liga passam por essa repescagem, cujos duelos ser\u00e3o definidos em sorteio na pr\u00f3xima sexta-feira (30).<\/p>\n<p class=\"my-5 break-words group-[.isActiveSource]:text-xl\">Maior campe\u00e3o do torneio, o Real Madrid ter\u00e1 que passar pelo playoff, assim como PSG, que defende o t\u00edtulo in\u00e9dito conquistado na \u00faltima temporada.<\/p>\n<p class=\"my-5 break-words group-[.isActiveSource]:text-xl\">Apenas os oito primeiros colocados garantiram classifica\u00e7\u00e3o direta para <a href=\"https:\/\/www.cnnbrasil.com.br\/esportes\/futebol\/futebol-internacional\/champions-league\/champions-league-veja-os-oito-times-garantidos-nas-oitavas-de-final\/\" class=\"text-red-600 underline hover:text-red-500 font-medium break-words group-[.isActiveSource]:text-xl\" target=\"_self\" rel=\"nofollow noopener\">as oitavas de final<\/a> e poder\u00e3o folgar nas pr\u00f3ximas duas datas da Champions League \u2014 os jogos ser\u00e3o disputados entre 17 e 25 de fevereiro.<\/p>\n<p>Times que v\u00e3o disputar a repescagem da Champions League<\/p>\n<ul class=\"list-none [li&gt;&amp;]:pl-5\">\n<li class=\"[ul&gt;&amp;]:indent-5 mb-3 break-words [ul&gt;&amp;]:relative [ul&gt;&amp;]:before:absolute [ul&gt;&amp;]:before:left-1 [ul&gt;&amp;]:before:top-2 [ul&gt;&amp;]:before:w-2 [ul&gt;&amp;]:before:h-2 [ul&gt;&amp;]:before:bg-red-600 [ul&gt;&amp;]:before:rounded-full marker:inline group-[.isActiveSource]:text-xl\">Real Madrid<\/li>\n<li class=\"[ul&gt;&amp;]:indent-5 mb-3 break-words [ul&gt;&amp;]:relative [ul&gt;&amp;]:before:absolute [ul&gt;&amp;]:before:left-1 [ul&gt;&amp;]:before:top-2 [ul&gt;&amp;]:before:w-2 [ul&gt;&amp;]:before:h-2 [ul&gt;&amp;]:before:bg-red-600 [ul&gt;&amp;]:before:rounded-full marker:inline group-[.isActiveSource]:text-xl\">Inter de Mil\u00e3o<\/li>\n<li class=\"[ul&gt;&amp;]:indent-5 mb-3 break-words [ul&gt;&amp;]:relative [ul&gt;&amp;]:before:absolute [ul&gt;&amp;]:before:left-1 [ul&gt;&amp;]:before:top-2 [ul&gt;&amp;]:before:w-2 [ul&gt;&amp;]:before:h-2 [ul&gt;&amp;]:before:bg-red-600 [ul&gt;&amp;]:before:rounded-full marker:inline group-[.isActiveSource]:text-xl\">PSG<\/li>\n<li class=\"[ul&gt;&amp;]:indent-5 mb-3 break-words [ul&gt;&amp;]:relative [ul&gt;&amp;]:before:absolute [ul&gt;&amp;]:before:left-1 [ul&gt;&amp;]:before:top-2 [ul&gt;&amp;]:before:w-2 [ul&gt;&amp;]:before:h-2 [ul&gt;&amp;]:before:bg-red-600 [ul&gt;&amp;]:before:rounded-full marker:inline group-[.isActiveSource]:text-xl\">Newcastle<\/li>\n<li class=\"[ul&gt;&amp;]:indent-5 mb-3 break-words [ul&gt;&amp;]:relative [ul&gt;&amp;]:before:absolute [ul&gt;&amp;]:before:left-1 [ul&gt;&amp;]:before:top-2 [ul&gt;&amp;]:before:w-2 [ul&gt;&amp;]:before:h-2 [ul&gt;&amp;]:before:bg-red-600 [ul&gt;&amp;]:before:rounded-full marker:inline group-[.isActiveSource]:text-xl\">Juventus<\/li>\n<li class=\"[ul&gt;&amp;]:indent-5 mb-3 break-words [ul&gt;&amp;]:relative [ul&gt;&amp;]:before:absolute [ul&gt;&amp;]:before:left-1 [ul&gt;&amp;]:before:top-2 [ul&gt;&amp;]:before:w-2 [ul&gt;&amp;]:before:h-2 [ul&gt;&amp;]:before:bg-red-600 [ul&gt;&amp;]:before:rounded-full marker:inline group-[.isActiveSource]:text-xl\">Atl\u00e9tico de Madrid<\/li>\n<li class=\"[ul&gt;&amp;]:indent-5 mb-3 break-words [ul&gt;&amp;]:relative [ul&gt;&amp;]:before:absolute [ul&gt;&amp;]:before:left-1 [ul&gt;&amp;]:before:top-2 [ul&gt;&amp;]:before:w-2 [ul&gt;&amp;]:before:h-2 [ul&gt;&amp;]:before:bg-red-600 [ul&gt;&amp;]:before:rounded-full marker:inline group-[.isActiveSource]:text-xl\">Atalanta<\/li>\n<li class=\"[ul&gt;&amp;]:indent-5 mb-3 break-words [ul&gt;&amp;]:relative [ul&gt;&amp;]:before:absolute [ul&gt;&amp;]:before:left-1 [ul&gt;&amp;]:before:top-2 [ul&gt;&amp;]:before:w-2 [ul&gt;&amp;]:before:h-2 [ul&gt;&amp;]:before:bg-red-600 [ul&gt;&amp;]:before:rounded-full marker:inline group-[.isActiveSource]:text-xl\">Bayer Leverkusen<\/li>\n<li class=\"[ul&gt;&amp;]:indent-5 mb-3 break-words [ul&gt;&amp;]:relative [ul&gt;&amp;]:before:absolute [ul&gt;&amp;]:before:left-1 [ul&gt;&amp;]:before:top-2 [ul&gt;&amp;]:before:w-2 [ul&gt;&amp;]:before:h-2 [ul&gt;&amp;]:before:bg-red-600 [ul&gt;&amp;]:before:rounded-full marker:inline group-[.isActiveSource]:text-xl\">Borussia Dortmund<\/li>\n<li class=\"[ul&gt;&amp;]:indent-5 mb-3 break-words [ul&gt;&amp;]:relative [ul&gt;&amp;]:before:absolute [ul&gt;&amp;]:before:left-1 [ul&gt;&amp;]:before:top-2 [ul&gt;&amp;]:before:w-2 [ul&gt;&amp;]:before:h-2 [ul&gt;&amp;]:before:bg-red-600 [ul&gt;&amp;]:before:rounded-full marker:inline group-[.isActiveSource]:text-xl\">Olympiacos<\/li>\n<li class=\"[ul&gt;&amp;]:indent-5 mb-3 break-words [ul&gt;&amp;]:relative [ul&gt;&amp;]:before:absolute [ul&gt;&amp;]:before:left-1 [ul&gt;&amp;]:before:top-2 [ul&gt;&amp;]:before:w-2 [ul&gt;&amp;]:before:h-2 [ul&gt;&amp;]:before:bg-red-600 [ul&gt;&amp;]:before:rounded-full marker:inline group-[.isActiveSource]:text-xl\">Club Brugge<\/li>\n<li class=\"[ul&gt;&amp;]:indent-5 mb-3 break-words [ul&gt;&amp;]:relative [ul&gt;&amp;]:before:absolute [ul&gt;&amp;]:before:left-1 [ul&gt;&amp;]:before:top-2 [ul&gt;&amp;]:before:w-2 [ul&gt;&amp;]:before:h-2 [ul&gt;&amp;]:before:bg-red-600 [ul&gt;&amp;]:before:rounded-full marker:inline group-[.isActiveSource]:text-xl\">Galatasaray<\/li>\n<li class=\"[ul&gt;&amp;]:indent-5 mb-3 break-words [ul&gt;&amp;]:relative [ul&gt;&amp;]:before:absolute [ul&gt;&amp;]:before:left-1 [ul&gt;&amp;]:before:top-2 [ul&gt;&amp;]:before:w-2 [ul&gt;&amp;]:before:h-2 [ul&gt;&amp;]:before:bg-red-600 [ul&gt;&amp;]:before:rounded-full marker:inline group-[.isActiveSource]:text-xl\">Monaco<\/li>\n<li class=\"[ul&gt;&amp;]:indent-5 mb-3 break-words [ul&gt;&amp;]:relative [ul&gt;&amp;]:before:absolute [ul&gt;&amp;]:before:left-1 [ul&gt;&amp;]:before:top-2 [ul&gt;&amp;]:before:w-2 [ul&gt;&amp;]:before:h-2 [ul&gt;&amp;]:before:bg-red-600 [ul&gt;&amp;]:before:rounded-full marker:inline group-[.isActiveSource]:text-xl\">Qarabag<\/li>\n<li class=\"[ul&gt;&amp;]:indent-5 mb-3 break-words [ul&gt;&amp;]:relative [ul&gt;&amp;]:before:absolute [ul&gt;&amp;]:before:left-1 [ul&gt;&amp;]:before:top-2 [ul&gt;&amp;]:before:w-2 [ul&gt;&amp;]:before:h-2 [ul&gt;&amp;]:before:bg-red-600 [ul&gt;&amp;]:before:rounded-full marker:inline group-[.isActiveSource]:text-xl\">Bodo\/Glimt<\/li>\n<li class=\"[ul&gt;&amp;]:indent-5 mb-3 break-words [ul&gt;&amp;]:relative [ul&gt;&amp;]:before:absolute [ul&gt;&amp;]:before:left-1 [ul&gt;&amp;]:before:top-2 [ul&gt;&amp;]:before:w-2 [ul&gt;&amp;]:before:h-2 [ul&gt;&amp;]:before:bg-red-600 [ul&gt;&amp;]:before:rounded-full marker:inline group-[.isActiveSource]:text-xl\">Benfica<\/li>\n<\/ul>\n","protected":false},"excerpt":{"rendered":"A Champions League 2025-26 conheceu, nesta quarta-feira (28), os 16 times que ter\u00e3o que disputar a fase de&hellip;\n","protected":false},"author":2,"featured_media":249419,"comment_status":"","ping_status":"","sticky":false,"template":"","format":"standard","meta":{"footnotes":""},"categories":[87],"tags":[135,32,33,134],"class_list":{"0":"post-249418","1":"post","2":"type-post","3":"status-publish","4":"format-standard","5":"has-post-thumbnail","7":"category-desporto","8":"tag-desporto","9":"tag-portugal","10":"tag-pt","11":"tag-sports"},"share_on_mastodon":{"url":"https:\/\/pubeurope.com\/@pt\/115980219323447092","error":""},"_links":{"self":[{"href":"https:\/\/www.europesays.com\/pt\/wp-json\/wp\/v2\/posts\/249418","targetHints":{"allow":["GET"]}}],"collection":[{"href":"https:\/\/www.europesays.com\/pt\/wp-json\/wp\/v2\/posts"}],"about":[{"href":"https:\/\/www.europesays.com\/pt\/wp-json\/wp\/v2\/types\/post"}],"author":[{"embeddable":true,"href":"https:\/\/www.europesays.com\/pt\/wp-json\/wp\/v2\/users\/2"}],"replies":[{"embeddable":true,"href":"https:\/\/www.europesays.com\/pt\/wp-json\/wp\/v2\/comments?post=249418"}],"version-history":[{"count":0,"href":"https:\/\/www.europesays.com\/pt\/wp-json\/wp\/v2\/posts\/249418\/revisions"}],"wp:featuredmedia":[{"embeddable":true,"href":"https:\/\/www.europesays.com\/pt\/wp-json\/wp\/v2\/media\/249419"}],"wp:attachment":[{"href":"https:\/\/www.europesays.com\/pt\/wp-json\/wp\/v2\/media?parent=249418"}],"wp:term":[{"taxonomy":"category","embeddable":true,"href":"https:\/\/www.europesays.com\/pt\/wp-json\/wp\/v2\/categories?post=249418"},{"taxonomy":"post_tag","embeddable":true,"href":"https:\/\/www.europesays.com\/pt\/wp-json\/wp\/v2\/tags?post=249418"}],"curies":[{"name":"wp","href":"https:\/\/api.w.org\/{rel}","templated":true}]}}