{"id":249424,"date":"2026-01-29T20:20:13","date_gmt":"2026-01-29T20:20:13","guid":{"rendered":"https:\/\/www.europesays.com\/pt\/249424\/"},"modified":"2026-01-29T20:20:13","modified_gmt":"2026-01-29T20:20:13","slug":"bernardo-conta-como-viu-o-golo-de-trubin-e-diz-ter-uma-ideia-sobre-o-futuro","status":"publish","type":"post","link":"https:\/\/www.europesays.com\/pt\/249424\/","title":{"rendered":"Bernardo conta como viu o golo de Trubin e diz ter \u00abuma ideia\u00bb sobre o futuro"},"content":{"rendered":"<p style=\"margin-bottom:11px\"><a href=\"https:\/\/maisfutebol.iol.pt\/internacional\/champions\/benfica-ajuda-manchester-city-e-guardiola-ate-agradece-a-mourinho\" target=\"_blank\" rel=\"nofollow noopener\"><strong>Pep Guardiola j\u00e1 o tinha revelado<\/strong><\/a> e Bernardo Silva tamb\u00e9m contou que o plantel do Manchester City assistiu com expectativa aos minutos finais na Luz e vibrou com a vit\u00f3ria do Benfica sobre o Real Madrid (4-2).<\/p>\n<p>\u00abFelizes porque, ainda que com algum drama\u2026 est\u00e1vamos a acompanhar e, quando vimos o guarda-redes do Benfica a avan\u00e7ar para a \u00e1rea, foi um misto de emo\u00e7\u00f5es, porque o Benfica precisava do golo, mas se o Real marcasse n\u00f3s est\u00e1vamos fora. Acabou por haver muita emo\u00e7\u00e3o naquele balne\u00e1rio. Evitar dois jogos nesta fase da temporada \u00e9 muito importante, at\u00e9 pelas les\u00f5es que a equipa tem neste momento\u00bb, disse o internacional portugu\u00eas, aos microfones da TNT Sports.<\/p>\n<p>\u00abVimos os \u00faltimos tr\u00eas minutos. N\u00e3o sab\u00edamos que o Benfica precisava de um golo para se qualificar para os play-offs, quando vimos o guarda-redes a subir est\u00e1vamos todos a dizer \u201cPor favor, n\u00e3o\u201d\u00bb, acrescentou.<\/p>\n<p>Questionado sobre o pr\u00f3ximo passo na carreira, visto que termina contrato no final da temporada, Bernardo Silva assumiu que j\u00e1 planeia o que vai fazer.<\/p>\n<p>\u00abTenho uma ideia [do que vai fazer], mas acho que n\u00e3o \u00e9 a altura certa para falar disso. Quando for, anunciarei com o Manchester City e voc\u00eas saber\u00e3o\u00bb, concluiu.<\/p>\n","protected":false},"excerpt":{"rendered":"Pep Guardiola j\u00e1 o tinha revelado e Bernardo Silva tamb\u00e9m contou que o plantel do Manchester City assistiu&hellip;\n","protected":false},"author":2,"featured_media":249425,"comment_status":"","ping_status":"","sticky":false,"template":"","format":"standard","meta":{"footnotes":""},"categories":[8],"tags":[51,5405,27,28,15,16,14,25,26,436,21,22,46,40,1382,42,41,12,13,19,20,32,23,24,33,47,2007,17,18,35,29,30,31],"class_list":{"0":"post-249424","1":"post","2":"type-post","3":"status-publish","4":"format-standard","5":"has-post-thumbnail","7":"category-principais-noticias","8":"tag-benfica","9":"tag-bernardo-silva","10":"tag-breaking-news","11":"tag-breakingnews","12":"tag-featured-news","13":"tag-featurednews","14":"tag-headlines","15":"tag-latest-news","16":"tag-latestnews","17":"tag-made-in","18":"tag-main-news","19":"tag-mainnews","20":"tag-maisfutebol","21":"tag-maistransferencias","22":"tag-manchester-city","23":"tag-mercado","24":"tag-mercado-de-transferencias","25":"tag-news","26":"tag-noticias","27":"tag-noticias-principais","28":"tag-noticiasprincipais","29":"tag-portugal","30":"tag-principais-noticias","31":"tag-principaisnoticias","32":"tag-pt","33":"tag-pura-paixao","34":"tag-real-madrid","35":"tag-top-stories","36":"tag-topstories","37":"tag-transferencias","38":"tag-ultimas","39":"tag-ultimas-noticias","40":"tag-ultimasnoticias"},"share_on_mastodon":{"url":"","error":"Validation failed: Text character limit of 500 exceeded"},"_links":{"self":[{"href":"https:\/\/www.europesays.com\/pt\/wp-json\/wp\/v2\/posts\/249424","targetHints":{"allow":["GET"]}}],"collection":[{"href":"https:\/\/www.europesays.com\/pt\/wp-json\/wp\/v2\/posts"}],"about":[{"href":"https:\/\/www.europesays.com\/pt\/wp-json\/wp\/v2\/types\/post"}],"author":[{"embeddable":true,"href":"https:\/\/www.europesays.com\/pt\/wp-json\/wp\/v2\/users\/2"}],"replies":[{"embeddable":true,"href":"https:\/\/www.europesays.com\/pt\/wp-json\/wp\/v2\/comments?post=249424"}],"version-history":[{"count":0,"href":"https:\/\/www.europesays.com\/pt\/wp-json\/wp\/v2\/posts\/249424\/revisions"}],"wp:featuredmedia":[{"embeddable":true,"href":"https:\/\/www.europesays.com\/pt\/wp-json\/wp\/v2\/media\/249425"}],"wp:attachment":[{"href":"https:\/\/www.europesays.com\/pt\/wp-json\/wp\/v2\/media?parent=249424"}],"wp:term":[{"taxonomy":"category","embeddable":true,"href":"https:\/\/www.europesays.com\/pt\/wp-json\/wp\/v2\/categories?post=249424"},{"taxonomy":"post_tag","embeddable":true,"href":"https:\/\/www.europesays.com\/pt\/wp-json\/wp\/v2\/tags?post=249424"}],"curies":[{"name":"wp","href":"https:\/\/api.w.org\/{rel}","templated":true}]}}