{"id":249430,"date":"2026-01-29T20:25:25","date_gmt":"2026-01-29T20:25:25","guid":{"rendered":"https:\/\/www.europesays.com\/pt\/249430\/"},"modified":"2026-01-29T20:25:25","modified_gmt":"2026-01-29T20:25:25","slug":"bruce-springsteen-lanca-cancao-anti-ice-e-anti-trump-ouca-streets-of-minneapolis","status":"publish","type":"post","link":"https:\/\/www.europesays.com\/pt\/249430\/","title":{"rendered":"Bruce Springsteen lan\u00e7a can\u00e7\u00e3o anti-ICE e anti-Trump: ou\u00e7a \u2018Streets of Minneapolis\u2019"},"content":{"rendered":"<p><strong>Bruce Springsteen<\/strong> partilhou uma can\u00e7\u00e3o nova, <strong>\u2018Streets of Minneapolis\u2019<\/strong>, <strong>em homenagem a Renee Good e Alex Pretti<\/strong>, dois cidad\u00e3os norte-americanos que foram mortos por <a href=\"https:\/\/expresso.pt\/blitz\/2026-01-27-que-faremos-depois-de-ver-a-gestapo-a-balear-os-nossos-cidadaos--estamos-aqui-sentados-a-falar-de-filmes-mas-e-preciso-uma-greve-nacional-010fc2fd\" target=\"_blank\" rel=\"noopener noreferrer nofollow\">agentes do ICE<\/a>, a pol\u00edcia dos servi\u00e7os de imigra\u00e7\u00e3o e alf\u00e2ndegas dos Estados Unidos.<\/p>\n<p>A can\u00e7\u00e3o faz refer\u00eancia n\u00e3o s\u00f3 a essas mortes como a Donald Trump, presidente dos Estados Unidos, acusando-o de ter no ICE o seu <strong>\u201cex\u00e9rcito privado\u201d<\/strong>.<\/p>\n<p><strong>&#8220;Compus esta can\u00e7\u00e3o no s\u00e1bado, gravei-a ontem, e lan\u00e7o-a hoje em resposta ao terror estatal que visitou a cidade de Minneapolis&#8221;<\/strong>, anunciou o m\u00fasico. \u201c\u00c9 dedicada aos habitantes de Minneapolis, aos nossos vizinhos imigrantes inocentes e a Alex Pretti e Renee Good. <strong>Mantenham-se livres<\/strong>\u201d.<\/p>\n","protected":false},"excerpt":{"rendered":"Bruce Springsteen partilhou uma can\u00e7\u00e3o nova, \u2018Streets of Minneapolis\u2019, em homenagem a Renee Good e Alex Pretti, dois&hellip;\n","protected":false},"author":2,"featured_media":249431,"comment_status":"","ping_status":"","sticky":false,"template":"","format":"standard","meta":{"footnotes":""},"categories":[141],"tags":[114,115,149,150,32,33],"class_list":{"0":"post-249430","1":"post","2":"type-post","3":"status-publish","4":"format-standard","5":"has-post-thumbnail","7":"category-musica","8":"tag-entertainment","9":"tag-entretenimento","10":"tag-music","11":"tag-musica","12":"tag-portugal","13":"tag-pt"},"share_on_mastodon":{"url":"https:\/\/pubeurope.com\/@pt\/115980266635093645","error":""},"_links":{"self":[{"href":"https:\/\/www.europesays.com\/pt\/wp-json\/wp\/v2\/posts\/249430","targetHints":{"allow":["GET"]}}],"collection":[{"href":"https:\/\/www.europesays.com\/pt\/wp-json\/wp\/v2\/posts"}],"about":[{"href":"https:\/\/www.europesays.com\/pt\/wp-json\/wp\/v2\/types\/post"}],"author":[{"embeddable":true,"href":"https:\/\/www.europesays.com\/pt\/wp-json\/wp\/v2\/users\/2"}],"replies":[{"embeddable":true,"href":"https:\/\/www.europesays.com\/pt\/wp-json\/wp\/v2\/comments?post=249430"}],"version-history":[{"count":0,"href":"https:\/\/www.europesays.com\/pt\/wp-json\/wp\/v2\/posts\/249430\/revisions"}],"wp:featuredmedia":[{"embeddable":true,"href":"https:\/\/www.europesays.com\/pt\/wp-json\/wp\/v2\/media\/249431"}],"wp:attachment":[{"href":"https:\/\/www.europesays.com\/pt\/wp-json\/wp\/v2\/media?parent=249430"}],"wp:term":[{"taxonomy":"category","embeddable":true,"href":"https:\/\/www.europesays.com\/pt\/wp-json\/wp\/v2\/categories?post=249430"},{"taxonomy":"post_tag","embeddable":true,"href":"https:\/\/www.europesays.com\/pt\/wp-json\/wp\/v2\/tags?post=249430"}],"curies":[{"name":"wp","href":"https:\/\/api.w.org\/{rel}","templated":true}]}}