{"id":249436,"date":"2026-01-29T20:33:09","date_gmt":"2026-01-29T20:33:09","guid":{"rendered":"https:\/\/www.europesays.com\/pt\/249436\/"},"modified":"2026-01-29T20:33:09","modified_gmt":"2026-01-29T20:33:09","slug":"defesa-camoes-ja-esta-gravado-no-novo-navio-reabastecedor-da-marinha-c-video","status":"publish","type":"post","link":"https:\/\/www.europesays.com\/pt\/249436\/","title":{"rendered":"Defesa. Cam\u00f5es j\u00e1 est\u00e1 gravado no novo navio reabastecedor da Marinha (c\/V\u00eddeo)"},"content":{"rendered":"\n<p>Do lado portugu\u00eas, Nuno Melo classificou o momento como \u201cum dia muito importante para Portugal e para a Marinha\u201d, sublinhando que os novos navios n\u00e3o s\u00e3o apenas reabastecedores, mas plataformas log\u00edsticas polivalentes, com capacidade para transporte de pessoal, carga, apoio humanit\u00e1rio e proje\u00e7\u00e3o de for\u00e7as.<\/p>\n<p>\u201cS\u00e3o navios que permitir\u00e3o que Portugal tenha uma Marinha oce\u00e2nica, com grande dimens\u00e3o e grande capacidade de proje\u00e7\u00e3o\u201d, afirmou o ministro, enquadrando o projeto no esfor\u00e7o mais amplo de moderniza\u00e7\u00e3o da Armada, que dever\u00e1 traduzir-se na entrada em servi\u00e7o de novas unidades ao longo dos pr\u00f3ximos anos.<\/p>\n<p>O governante destacou ainda o impacto da Marinha na soberania mar\u00edtima e na seguran\u00e7a interna, lembrando o seu papel em miss\u00f5es de busca e salvamento e no combate ao narcotr\u00e1fico, com apreens\u00f5es de grandes quantidades de coca\u00edna nos \u00faltimos anos.<\/p>\n<p>Em termos financeiros, Nuno Melo confirmou que o custo do contrato com a STM, o qual inclui dois reabastecedores, ronda os 100 milh\u00f5es de euros, sublinhando que se trata de um valor substancialmente inferior ao de propostas concorrentes no mercado internacional. Segundo explicou, o projeto representa uma poupan\u00e7a relevante, mantendo elevados padr\u00f5es de qualidade.<\/p>\n<p>O ministro destacou tamb\u00e9m o contributo nacional no design e conce\u00e7\u00e3o dos navios, afirmando que o projeto resulta do trabalho da engenharia naval portuguesa e da Marinha, que ajudaram a criar uma nova tipologia de unidade, para l\u00e1 da fun\u00e7\u00e3o tradicional de reabastecimento.<\/p>\n<p>Embora a constru\u00e7\u00e3o estrutural decorra na Turquia, uma parte significativa do apetrechamento ser\u00e1 feita em Portugal, incluindo sistemas tecnol\u00f3gicos, comunica\u00e7\u00f5es e outros equipamentos, envolvendo empresas nacionais ao longo do ciclo de vida das embarca\u00e7\u00f5es.<\/p>\n<p>O CEMA sublinhou o significado estrat\u00e9gico do momento, afirmando que uma Marinha oce\u00e2nica exige um processo cont\u00ednuo de renova\u00e7\u00e3o de capacidades e que estes navios s\u00e3o fundamentais para garantir opera\u00e7\u00f5es sustentadas em mar alto.<\/p>\n<p>\u201cUma Marinha n\u00e3o \u00e9 um projeto pontual, \u00e9 um projeto cont\u00ednuo\u201d, afirmou, acrescentando que estas unidades s\u00e3o essenciais para um pa\u00eds com a geografia de Portugal, marcado pela descontinuidade territorial e pela centralidade do oceano. <\/p>\n<p>O respons\u00e1vel naval revelou tamb\u00e9m que a Marinha portuguesa j\u00e1 tem equipas t\u00e9cnicas envolvidas no acompanhamento da constru\u00e7\u00e3o, com oficiais e especialistas destacados no estaleiro para garantir controlo de qualidade, cumprimento contratual e prepara\u00e7\u00e3o das futuras guarni\u00e7\u00f5es.<\/p>\n<p>O ministro turco assinalou que os navios \u201cir\u00e3o refor\u00e7ar as capacidades da Marinha Portuguesa em mat\u00e9ria de paz, estabilidade e gest\u00e3o de crises, contribuindo tamb\u00e9m para as capacidades coletivas da NATO quando entrarem em servi\u00e7o\u201d. Destacou ainda que a capacidade de reabastecimento e apoio log\u00edstico \u00e9 hoje \u201cum dos elementos fundamentais da efic\u00e1cia da for\u00e7a\u201d.<\/p>\n<p>A entrega do NRP Lu\u00eds de Cam\u00f5es est\u00e1 prevista para 2028, seguindo-se o NRP D. Dinis no mesmo ano. Para Portugal, o programa representa o regresso de uma capacidade cr\u00edtica de sustenta\u00e7\u00e3o naval e um passo estruturante na consolida\u00e7\u00e3o de uma Marinha moderna, oce\u00e2nica e tecnologicamente refor\u00e7ada. Para a Turquia, marca a afirma\u00e7\u00e3o da sua ind\u00fastria de Defesa como fornecedora de pa\u00edses aliados e parceira em programas navais internacionais.<\/p>\n<p>A jornalista viajou para a Turquia a convite do Minist\u00e9rio da Defesa Nacional<\/p>\n","protected":false},"excerpt":{"rendered":"Do lado portugu\u00eas, Nuno Melo classificou o momento como \u201cum dia muito importante para Portugal e para a&hellip;\n","protected":false},"author":2,"featured_media":249437,"comment_status":"","ping_status":"","sticky":false,"template":"","format":"standard","meta":{"footnotes":""},"categories":[10],"tags":[27,28,2537,15,16,14,25,26,21,22,4490,12,13,19,20,7219,32,23,24,33,17,18,2428,29,30,31],"class_list":{"0":"post-249436","1":"post","2":"type-post","3":"status-publish","4":"format-standard","5":"has-post-thumbnail","7":"category-portugal","8":"tag-breaking-news","9":"tag-breakingnews","10":"tag-defesa","11":"tag-featured-news","12":"tag-featurednews","13":"tag-headlines","14":"tag-latest-news","15":"tag-latestnews","16":"tag-main-news","17":"tag-mainnews","18":"tag-marinha","19":"tag-news","20":"tag-noticias","21":"tag-noticias-principais","22":"tag-noticiasprincipais","23":"tag-nuno-melo","24":"tag-portugal","25":"tag-principais-noticias","26":"tag-principaisnoticias","27":"tag-pt","28":"tag-top-stories","29":"tag-topstories","30":"tag-turquia","31":"tag-ultimas","32":"tag-ultimas-noticias","33":"tag-ultimasnoticias"},"share_on_mastodon":{"url":"https:\/\/pubeurope.com\/@pt\/115980298099018828","error":""},"_links":{"self":[{"href":"https:\/\/www.europesays.com\/pt\/wp-json\/wp\/v2\/posts\/249436","targetHints":{"allow":["GET"]}}],"collection":[{"href":"https:\/\/www.europesays.com\/pt\/wp-json\/wp\/v2\/posts"}],"about":[{"href":"https:\/\/www.europesays.com\/pt\/wp-json\/wp\/v2\/types\/post"}],"author":[{"embeddable":true,"href":"https:\/\/www.europesays.com\/pt\/wp-json\/wp\/v2\/users\/2"}],"replies":[{"embeddable":true,"href":"https:\/\/www.europesays.com\/pt\/wp-json\/wp\/v2\/comments?post=249436"}],"version-history":[{"count":0,"href":"https:\/\/www.europesays.com\/pt\/wp-json\/wp\/v2\/posts\/249436\/revisions"}],"wp:featuredmedia":[{"embeddable":true,"href":"https:\/\/www.europesays.com\/pt\/wp-json\/wp\/v2\/media\/249437"}],"wp:attachment":[{"href":"https:\/\/www.europesays.com\/pt\/wp-json\/wp\/v2\/media?parent=249436"}],"wp:term":[{"taxonomy":"category","embeddable":true,"href":"https:\/\/www.europesays.com\/pt\/wp-json\/wp\/v2\/categories?post=249436"},{"taxonomy":"post_tag","embeddable":true,"href":"https:\/\/www.europesays.com\/pt\/wp-json\/wp\/v2\/tags?post=249436"}],"curies":[{"name":"wp","href":"https:\/\/api.w.org\/{rel}","templated":true}]}}