{"id":249450,"date":"2026-01-29T20:47:08","date_gmt":"2026-01-29T20:47:08","guid":{"rendered":"https:\/\/www.europesays.com\/pt\/249450\/"},"modified":"2026-01-29T20:47:08","modified_gmt":"2026-01-29T20:47:08","slug":"trump-pondera-atacar-irao-para-reavivar-protestos","status":"publish","type":"post","link":"https:\/\/www.europesays.com\/pt\/249450\/","title":{"rendered":"Trump pondera atacar Ir\u00e3o para reavivar protestos"},"content":{"rendered":"<p data-remotead-prev-elm=\"true\" data-remotead-elm-id=\"inread\">O presidente dos Estados Unidos, Donald Trump, est\u00e1 a analisar as op\u00e7\u00f5es para lidar com o Ir\u00e3o, n\u00e3o descartando ataques contra for\u00e7as de seguran\u00e7a e l\u00edderes iranianos para inspirar manifestantes. Teer\u00e3o, que promete uma &#8220;resposta esmagadora&#8221; no caso de uma agress\u00e3o norte-americana, sofreu esta quinta-feira um novo rev\u00e9s, com a Uni\u00e3o Europeia (UE) a aplicar san\u00e7\u00f5es individuais e a classificar a Guarda Revolucion\u00e1ria do pa\u00eds como terrorista.<\/p>\n<p data-remotead-prev-elm=\"true\" data-remotead-elm-id=\"inread2\">Segundo duas fontes oficiais norte-americanas ouvidas pela ag\u00eancia Reuters, Trump quer criar condi\u00e7\u00f5es para uma &#8220;mudan\u00e7a de regime&#8221; no Ir\u00e3o e n\u00e3o exclui o uso do poderio militar. Recentemente, um porta-avi\u00f5es e navios de guerra auxiliares chegaram ao Golfo P\u00e9rsico.<\/p>\n<p>Uma op\u00e7\u00e3o seria atacar comandantes e institui\u00e7\u00f5es iranianas que os EUA acreditam serem respons\u00e1veis pela repress\u00e3o &#8211; a\u00e7\u00e3o que Washington espera que incentive a tomada do poder pelos revoltosos.<\/p>\n<p>De acordo com uma das fontes ouvidas pela ag\u00eancia brit\u00e2nica, Trump poder\u00e1 ainda escolher bombardear mais intensamente o pa\u00eds, tendo como alvo o programa nuclear ou os m\u00edsseis bal\u00edsticos que podem atingir aliados, como Israel.<\/p>\n<p data-remotead-prev-elm=\"true\" data-remotead-elm-id=\"centro1\">Quatro representantes \u00e1rabes, tr\u00eas diplomatas do Ocidente e uma fonte ocidental s\u00e9nior, cujos Governos t\u00eam conhecimento das discuss\u00f5es, expressaram \u00e0 Reuters preocupa\u00e7\u00e3o de que um eventual ataque tenha um efeito reverso nas ruas.<\/p>\n<p>Os protestos, iniciados no final de dezembro devido \u00e0 situa\u00e7\u00e3o econ\u00f3mica, evolu\u00edram para uma contesta\u00e7\u00e3o do sistema teocr\u00e1tico, tendo a repress\u00e3o provocado mais de seis mil mortes, segundo a organiza\u00e7\u00e3o HRANA, com sede nos EUA &#8211; com outras estimativas a indicarem mais de 30 mil mortos.<\/p>\n<p>Perante as amea\u00e7as de Washington, o comandante em chefe do Ex\u00e9rcito de Teer\u00e3o, Amir Hatami, prometeu hoje uma &#8220;resposta esmagadora&#8221; a qualquer ataque. A declara\u00e7\u00e3o ocorreu na televis\u00e3o estatal, que noticiou ainda que as For\u00e7as iranianas adicionaram mil &#8220;drones estrat\u00e9gicos&#8221; aos seus regimentos de combate.<\/p>\n<p>Guarda Revolucion\u00e1ria na lista de terroristas<\/p>\n<p data-remotead-prev-elm=\"true\" data-remotead-elm-id=\"centro2\">Numa reuni\u00e3o de chefes da diplomacia da UE, <a href=\"https:\/\/www.jn.pt\/mundo\/artigo\/ue-designa-guarda-revolucionaria-do-irao-como-organizacao-terrorista\/18046074\" target=\"_blank\" rel=\"nofollow noopener\">o bloco aprovou<\/a>, com o voto favor\u00e1vel de Portugal, que a Guarda Revolucion\u00e1ria Isl\u00e2mica seja designada uma organiza\u00e7\u00e3o terrorista. &#8220;&#8221;Terrorista&#8221; \u00e9, de facto, como se chama a um regime que esmaga os protestos do seu pr\u00f3prio povo com sangue&#8221;, escreveu a presidente da Comiss\u00e3o Europeia, Ursula von der Leyen.<\/p>\n<p>A decis\u00e3o simb\u00f3lica, saudada por Israel, veio no mesmo dia em que Bruxelas anunciou san\u00e7\u00f5es ao ministro do Interior, ao procurador-geral e aos comandantes regionais da Guarda Revolucion\u00e1ria do Ir\u00e3o.<\/p>\n","protected":false},"excerpt":{"rendered":"O presidente dos Estados Unidos, Donald Trump, est\u00e1 a analisar as op\u00e7\u00f5es para lidar com o Ir\u00e3o, n\u00e3o&hellip;\n","protected":false},"author":2,"featured_media":249451,"comment_status":"","ping_status":"","sticky":false,"template":"","format":"standard","meta":{"footnotes":""},"categories":[50],"tags":[27,28,92,413,15,16,14,5453,25,26,21,22,62,12,13,19,20,23,24,17,18,29,30,31,63,64,65],"class_list":{"0":"post-249450","1":"post","2":"type-post","3":"status-publish","4":"format-standard","5":"has-post-thumbnail","7":"category-mundo","8":"tag-breaking-news","9":"tag-breakingnews","10":"tag-donald-trump","11":"tag-eua","12":"tag-featured-news","13":"tag-featurednews","14":"tag-headlines","15":"tag-irao","16":"tag-latest-news","17":"tag-latestnews","18":"tag-main-news","19":"tag-mainnews","20":"tag-mundo","21":"tag-news","22":"tag-noticias","23":"tag-noticias-principais","24":"tag-noticiasprincipais","25":"tag-principais-noticias","26":"tag-principaisnoticias","27":"tag-top-stories","28":"tag-topstories","29":"tag-ultimas","30":"tag-ultimas-noticias","31":"tag-ultimasnoticias","32":"tag-world","33":"tag-world-news","34":"tag-worldnews"},"share_on_mastodon":{"url":"https:\/\/pubeurope.com\/@pt\/115980353078407711","error":""},"_links":{"self":[{"href":"https:\/\/www.europesays.com\/pt\/wp-json\/wp\/v2\/posts\/249450","targetHints":{"allow":["GET"]}}],"collection":[{"href":"https:\/\/www.europesays.com\/pt\/wp-json\/wp\/v2\/posts"}],"about":[{"href":"https:\/\/www.europesays.com\/pt\/wp-json\/wp\/v2\/types\/post"}],"author":[{"embeddable":true,"href":"https:\/\/www.europesays.com\/pt\/wp-json\/wp\/v2\/users\/2"}],"replies":[{"embeddable":true,"href":"https:\/\/www.europesays.com\/pt\/wp-json\/wp\/v2\/comments?post=249450"}],"version-history":[{"count":0,"href":"https:\/\/www.europesays.com\/pt\/wp-json\/wp\/v2\/posts\/249450\/revisions"}],"wp:featuredmedia":[{"embeddable":true,"href":"https:\/\/www.europesays.com\/pt\/wp-json\/wp\/v2\/media\/249451"}],"wp:attachment":[{"href":"https:\/\/www.europesays.com\/pt\/wp-json\/wp\/v2\/media?parent=249450"}],"wp:term":[{"taxonomy":"category","embeddable":true,"href":"https:\/\/www.europesays.com\/pt\/wp-json\/wp\/v2\/categories?post=249450"},{"taxonomy":"post_tag","embeddable":true,"href":"https:\/\/www.europesays.com\/pt\/wp-json\/wp\/v2\/tags?post=249450"}],"curies":[{"name":"wp","href":"https:\/\/api.w.org\/{rel}","templated":true}]}}