{"id":249512,"date":"2026-01-29T21:44:07","date_gmt":"2026-01-29T21:44:07","guid":{"rendered":"https:\/\/www.europesays.com\/pt\/249512\/"},"modified":"2026-01-29T21:44:07","modified_gmt":"2026-01-29T21:44:07","slug":"meteored-avisa-que-as-tempestades-vao-continuar-a-chegar-a-portugal","status":"publish","type":"post","link":"https:\/\/www.europesays.com\/pt\/249512\/","title":{"rendered":"Meteored avisa que as tempestades v\u00e3o continuar a chegar a Portugal"},"content":{"rendered":"<p data-remotead-prev-elm=\"true\" data-remotead-elm-id=\"inread\">A chegada de sucessivas tempestades &#8211; como as recentes Ingrid, Joseph e a &#8220;ciclog\u00e9nese explosiva&#8221; Kristin &#8211; tem provocado danos irrevers\u00edveis e preju\u00edzos avultados em v\u00e1rias zonas do pa\u00eds e vai ser uma realidade cada vez mais frequente.<\/p>\n<p data-remotead-prev-elm=\"true\" data-remotead-elm-id=\"inread2\">O alerta \u00e9 da Meteored Portugal.<\/p>\n<p>Em causa est\u00e1 o encontro entre massas de ar quente e frio, potenciadas por um bloqueio de altas press\u00f5es entre a Gronel\u00e2ndia e a Escandin\u00e1via, que desvia o jato polar em dire\u00e7\u00e3o a Portugal Continental ou \u00e0s imedia\u00e7\u00f5es do nosso pa\u00eds, explica Alfredo Gra\u00e7a, ge\u00f3grafo e editor-chefe da plataforma meteorol\u00f3gica.<\/p>\n<p>As previs\u00f5es a curto e m\u00e9dio prazo apontam para uma continuidade da tend\u00eancia de precipita\u00e7\u00e3o, pelo menos durante a primeira quinzena de fevereiro, o que poder\u00e1 facilitar a chegada de novas depress\u00f5es e frentes associadas.<\/p>\n<p>A chuva acumulada ser\u00e1 significativa em v\u00e1rias zonas de Portugal, como o Norte e Centro, e em zonas mais expostas aos ventos de Oeste e Sudoeste.<\/p>\n","protected":false},"excerpt":{"rendered":"A chegada de sucessivas tempestades &#8211; como as recentes Ingrid, Joseph e a &#8220;ciclog\u00e9nese explosiva&#8221; Kristin &#8211; tem&hellip;\n","protected":false},"author":2,"featured_media":249513,"comment_status":"","ping_status":"","sticky":false,"template":"","format":"standard","meta":{"footnotes":""},"categories":[10],"tags":[27,28,2139,15,16,14,25,26,21,22,8532,619,12,13,19,20,32,23,24,33,17,18,29,30,31],"class_list":{"0":"post-249512","1":"post","2":"type-post","3":"status-publish","4":"format-standard","5":"has-post-thumbnail","7":"category-portugal","8":"tag-breaking-news","9":"tag-breakingnews","10":"tag-chuva","11":"tag-featured-news","12":"tag-featurednews","13":"tag-headlines","14":"tag-latest-news","15":"tag-latestnews","16":"tag-main-news","17":"tag-mainnews","18":"tag-mau-tempo","19":"tag-nacional","20":"tag-news","21":"tag-noticias","22":"tag-noticias-principais","23":"tag-noticiasprincipais","24":"tag-portugal","25":"tag-principais-noticias","26":"tag-principaisnoticias","27":"tag-pt","28":"tag-top-stories","29":"tag-topstories","30":"tag-ultimas","31":"tag-ultimas-noticias","32":"tag-ultimasnoticias"},"share_on_mastodon":{"url":"https:\/\/pubeurope.com\/@pt\/115980577236978220","error":""},"_links":{"self":[{"href":"https:\/\/www.europesays.com\/pt\/wp-json\/wp\/v2\/posts\/249512","targetHints":{"allow":["GET"]}}],"collection":[{"href":"https:\/\/www.europesays.com\/pt\/wp-json\/wp\/v2\/posts"}],"about":[{"href":"https:\/\/www.europesays.com\/pt\/wp-json\/wp\/v2\/types\/post"}],"author":[{"embeddable":true,"href":"https:\/\/www.europesays.com\/pt\/wp-json\/wp\/v2\/users\/2"}],"replies":[{"embeddable":true,"href":"https:\/\/www.europesays.com\/pt\/wp-json\/wp\/v2\/comments?post=249512"}],"version-history":[{"count":0,"href":"https:\/\/www.europesays.com\/pt\/wp-json\/wp\/v2\/posts\/249512\/revisions"}],"wp:featuredmedia":[{"embeddable":true,"href":"https:\/\/www.europesays.com\/pt\/wp-json\/wp\/v2\/media\/249513"}],"wp:attachment":[{"href":"https:\/\/www.europesays.com\/pt\/wp-json\/wp\/v2\/media?parent=249512"}],"wp:term":[{"taxonomy":"category","embeddable":true,"href":"https:\/\/www.europesays.com\/pt\/wp-json\/wp\/v2\/categories?post=249512"},{"taxonomy":"post_tag","embeddable":true,"href":"https:\/\/www.europesays.com\/pt\/wp-json\/wp\/v2\/tags?post=249512"}],"curies":[{"name":"wp","href":"https:\/\/api.w.org\/{rel}","templated":true}]}}