{"id":249514,"date":"2026-01-29T21:45:10","date_gmt":"2026-01-29T21:45:10","guid":{"rendered":"https:\/\/www.europesays.com\/pt\/249514\/"},"modified":"2026-01-29T21:45:10","modified_gmt":"2026-01-29T21:45:10","slug":"afinal-quantos-milhoes-ja-encaixaram-sporting-e-benfica-na-champions","status":"publish","type":"post","link":"https:\/\/www.europesays.com\/pt\/249514\/","title":{"rendered":"Afinal, quantos milh\u00f5es j\u00e1 encaixaram Sporting e Benfica na Champions?"},"content":{"rendered":"<p>O Sporting e o Benfica encerraram as participa\u00e7\u00f5es na fase de liga da Champions com a garantia da entrada de (mais) milh\u00f5es de euros nos respetivos cofres.<\/p>\n<p>O encaixe foi mais generoso para os le\u00f5es, para quem o apuramento direto para os oitavos de final da competi\u00e7\u00e3o valeu um encaixe financeiro de 11 milh\u00f5es de euros numa noite em que o triunfo em Bilbau tamb\u00e9m rendeu \u20ac2,1M, sem esquecer outros fatores.<\/p>\n<p>Ao todo, a entrada na fase de liga da Champions j\u00e1 tinha valido \u00e0 SAD liderada por Frederico Varandas um total de <a href=\"https:\/\/maisfutebol.iol.pt\/liga-dos-campeoes\/liga-campeoes\/champions-afinal-quantos-milhoes-recebem-benfica-e-sporting\" rel=\"nofollow noopener\" target=\"_blank\"><strong>34,787 milh\u00f5es de euros<\/strong><\/a>. A esse valor somam-se os 11 milh\u00f5es de euros agora garantidos, as cinco vit\u00f3rias na campanha (\u20ac2,1M x 5 = \u20ac10,5M) e um empate (700 mil euros). Total? P<strong>ouco menos do que 57 milh\u00f5es de euros<\/strong> (\u20ac56,987M).<\/p>\n<p>Contas feitas? Ainda n\u00e3o! A este valor h\u00e1 que somar o n\u00famero de parcelas que o Sporting recebe em pela classifica\u00e7\u00e3o final na fase de liga. Pelo s\u00e9timo lugar, os le\u00f5es t\u00eam direito a 30 parcelas de 275 mil euros cada (o primeiro recebe 36 e o \u00faltimo apenas uma), o que perfaz um total de <strong>8,250 milh\u00f5es de euros<\/strong> e eleva o total do bolo (excluindo receitas de bilheteira), aos quais acresce um adicional de 2<strong> milh\u00f5es de euros pagos aos clubes<\/strong> que terminem nos oito primeiros lugares (do 9.\u00ba ao 16.\u00ba esse b\u00f3nus adicional cai para 1 milh\u00e3o de euros).<\/p>\n<p><strong>Total do Sporting:<\/strong> 67,237 milh\u00f5es de euros.<\/p>\n<p>J\u00e1 o Benfica garantiu, com a vit\u00f3ria sobre o Real Madrid e consequente presen\u00e7a no play-off garantida com um golo \u00e9pico de Trubin, mais dois cheques passados em nome da SAD encarnada: um de 2,1 milh\u00f5es de euros pelo triunfo e outro de \u20ac1M pela continuidade em prova via play-off.<\/p>\n<p>Recorde-se que os encarnados come\u00e7aram a participa\u00e7\u00e3o na prova com<a href=\"https:\/\/maisfutebol.iol.pt\/liga-dos-campeoes\/liga-campeoes\/champions-afinal-quantos-milhoes-recebem-benfica-e-sporting\" rel=\"nofollow noopener\" target=\"_blank\"> <strong>42,819 milh\u00f5es de euros garantidos<\/strong><\/a> pela entrada na fase de liga da prova e relativos a value pillar (que combina rankings &#8211; o que justifica o bolo maior comparativamente com o do Sporting) e contratos media celebrados com as operadoras nacionais).<\/p>\n<p>A esse valor juntam-se os <strong>6,3 milh\u00f5es de euros pelas tr\u00eas vit\u00f3rias<\/strong>, o <strong>tal milh\u00e3o pela ida ao play-off<\/strong> e ainda <strong>13 parcelas (\u20ac3,575M)<\/strong> distribu\u00eddas em fun\u00e7\u00e3o do 24.\u00ba lugar na fase de liga da Champions<\/p>\n<p><strong>Total do Benfica: <\/strong>53,694 milh\u00f5es de euros.<\/p>\n<p>Caso se apure para os oitavos de final da prova, a equipa de Jos\u00e9 Mourinho ter\u00e1 direito aos mesmos 11 milh\u00f5es de euros que devem estar a prestes a ser depositados nas contas da SAD do Sporting, o que far\u00e1 elevar o bolo para os 65 mih\u00f5es de euros.<\/p>\n","protected":false},"excerpt":{"rendered":"O Sporting e o Benfica encerraram as participa\u00e7\u00f5es na fase de liga da Champions com a garantia da&hellip;\n","protected":false},"author":2,"featured_media":249515,"comment_status":"","ping_status":"","sticky":false,"template":"","format":"standard","meta":{"footnotes":""},"categories":[8],"tags":[51,27,28,5043,15,16,14,25,26,7706,21,22,46,16648,12,13,19,20,32,23,24,33,47,34,17,18,29,30,31],"class_list":{"0":"post-249514","1":"post","2":"type-post","3":"status-publish","4":"format-standard","5":"has-post-thumbnail","7":"category-principais-noticias","8":"tag-benfica","9":"tag-breaking-news","10":"tag-breakingnews","11":"tag-champions","12":"tag-featured-news","13":"tag-featurednews","14":"tag-headlines","15":"tag-latest-news","16":"tag-latestnews","17":"tag-liga-campeoes","18":"tag-main-news","19":"tag-mainnews","20":"tag-maisfutebol","21":"tag-milhoes","22":"tag-news","23":"tag-noticias","24":"tag-noticias-principais","25":"tag-noticiasprincipais","26":"tag-portugal","27":"tag-principais-noticias","28":"tag-principaisnoticias","29":"tag-pt","30":"tag-pura-paixao","31":"tag-sporting","32":"tag-top-stories","33":"tag-topstories","34":"tag-ultimas","35":"tag-ultimas-noticias","36":"tag-ultimasnoticias"},"share_on_mastodon":{"url":"https:\/\/pubeurope.com\/@pt\/115980581163120077","error":""},"_links":{"self":[{"href":"https:\/\/www.europesays.com\/pt\/wp-json\/wp\/v2\/posts\/249514","targetHints":{"allow":["GET"]}}],"collection":[{"href":"https:\/\/www.europesays.com\/pt\/wp-json\/wp\/v2\/posts"}],"about":[{"href":"https:\/\/www.europesays.com\/pt\/wp-json\/wp\/v2\/types\/post"}],"author":[{"embeddable":true,"href":"https:\/\/www.europesays.com\/pt\/wp-json\/wp\/v2\/users\/2"}],"replies":[{"embeddable":true,"href":"https:\/\/www.europesays.com\/pt\/wp-json\/wp\/v2\/comments?post=249514"}],"version-history":[{"count":0,"href":"https:\/\/www.europesays.com\/pt\/wp-json\/wp\/v2\/posts\/249514\/revisions"}],"wp:featuredmedia":[{"embeddable":true,"href":"https:\/\/www.europesays.com\/pt\/wp-json\/wp\/v2\/media\/249515"}],"wp:attachment":[{"href":"https:\/\/www.europesays.com\/pt\/wp-json\/wp\/v2\/media?parent=249514"}],"wp:term":[{"taxonomy":"category","embeddable":true,"href":"https:\/\/www.europesays.com\/pt\/wp-json\/wp\/v2\/categories?post=249514"},{"taxonomy":"post_tag","embeddable":true,"href":"https:\/\/www.europesays.com\/pt\/wp-json\/wp\/v2\/tags?post=249514"}],"curies":[{"name":"wp","href":"https:\/\/api.w.org\/{rel}","templated":true}]}}