{"id":249525,"date":"2026-01-29T21:59:13","date_gmt":"2026-01-29T21:59:13","guid":{"rendered":"https:\/\/www.europesays.com\/pt\/249525\/"},"modified":"2026-01-29T21:59:13","modified_gmt":"2026-01-29T21:59:13","slug":"seis-desalojados-na-batalha-e-rede-siresp-deixou-de-funcionar-devido-ao-mau-tempo","status":"publish","type":"post","link":"https:\/\/www.europesays.com\/pt\/249525\/","title":{"rendered":"Seis desalojados na Batalha e rede Siresp deixou de funcionar devido ao mau tempo"},"content":{"rendered":"<p data-remotead-prev-elm=\"true\" data-remotead-elm-id=\"inread\">&#8220;O Siresp [Sistema Integrado de Redes de Emerg\u00eancia e Seguran\u00e7a de Portugal] funcionou de manh\u00e3 e \u00e0 tarde deixou de funcionar. Nunca mais voltou a funcionar, a n\u00e3o ser em algumas zonas em S\u00e3o Mamede&#8221;, disse Andr\u00e9 Sousa.<\/p>\n<p data-remotead-prev-elm=\"true\" data-remotead-elm-id=\"inread2\">O autarca da Batalha, que falava \u00e0 Lusa depois das 22 horas de quarta-feira a partir de F\u00e1tima, no concelho vizinho de Our\u00e9m, para onde se deslocou para ter rede de telem\u00f3vel, precisou que &#8220;a rede Siresp funcionou desde as 5 horas at\u00e9 \u00e0s 11 horas, 12 horas&#8221;.<\/p>\n<p>&#8220;A partir da\u00ed, <strong>deixou de funcionar completamente<\/strong>, a n\u00e3o ser em algumas zonas em S\u00e3o Mamede&#8221;, reafirmou.<\/p>\n<p>Destacando que a &#8220;principal not\u00edcia&#8221; \u00e9 que o concelho n\u00e3o registou v\u00edtimas, o presidente da C\u00e2mara referiu que h\u00e1 &#8220;seis desalojados, mas todos eles encontraram solu\u00e7\u00e3o&#8221;.<\/p>\n<p data-remotead-prev-elm=\"true\" data-remotead-elm-id=\"centro1\">&#8220;Conjuntamente com os servi\u00e7os municipais, conseguimos encontrar solu\u00e7\u00f5es em casa de familiares&#8221;, declarou.<\/p>\n<p>Quanto \u00e0s estradas, <strong>\u00e9 poss\u00edvel circular em todas as vias principais<\/strong>, sendo que hoje o foco passa tamb\u00e9m pela limpeza das estradas secund\u00e1rias.<\/p>\n<p>&#8220;H\u00e1 muitas \u00e1rvores ca\u00eddas, eu arrisco-me a dizer <strong>centenas ou milhares de \u00e1rvores ca\u00eddas<\/strong>&#8220;, salientou Andr\u00e9 Sousa.<\/p>\n<p data-remotead-prev-elm=\"true\" data-remotead-elm-id=\"centro2\">Adiantando, \u00e0quela hora, que os servi\u00e7os municipais estavam a trabalhar e iriam trabalhar toda a noite no fornecimento de \u00e1gua, Andr\u00e9 Sousa explicou que a autarquia estava a colocar oito geradores em furos e reservat\u00f3rios, para recuperar o servi\u00e7o de abastecimento de \u00e1gua.<\/p>\n<p>&#8220;<strong>Temos muitos postes de eletricidade ca\u00eddos, muitos mesmo<\/strong>. Estivemos a identificar tamb\u00e9m durante o dia de hoje [quarta-feira] todos os postes de m\u00e9dia e baixa tens\u00e3o, e depois t\u00ednhamos de vir a F\u00e1tima para comunicar \u00e0 E-Redes, fomos tamb\u00e9m presencialmente&#8221;, adiantou, referindo que o Plano Municipal de Emerg\u00eancia e Prote\u00e7\u00e3o Civil foi ativado.<\/p>\n<p>&#8220;Danos significativos&#8221;<\/p>\n<p>O presidente do Munic\u00edpio da Batalha referiu ainda a exist\u00eancia de &#8220;danos significativos&#8221; em ind\u00fastrias e at\u00e9 num pavilh\u00e3o desportivo.<\/p>\n<p data-remotead-prev-elm=\"true\" data-remotead-elm-id=\"centro3\">&#8220;Tivemos alguns acidentes rodovi\u00e1rios, incluindo um<strong> carro que se embrulhou nos fios el\u00e9tricos e ficou suspenso no ar<\/strong>, na Estrada Nacional 356&#8243;, declarou.<\/p>\n<p>Andr\u00e9 Sousa agradeceu o apoio da popula\u00e7\u00e3o, que &#8220;tem sido exemplar&#8221;, e de v\u00e1rias empresas do concelho, que &#8220;t\u00eam fornecido geradores ou t\u00eam ajudado na limpeza das ruas&#8221;.<\/p>\n<p>A passagem da depress\u00e3o Kristin pelo territ\u00f3rio portugu\u00eas deixou um rasto de destrui\u00e7\u00e3o, <strong>causou seis mortos e v\u00e1rios desalojados<\/strong>.<\/p>\n<p data-remotead-prev-elm=\"true\" data-remotead-elm-id=\"centro4\">Os distritos mais afetados foram Leiria (por onde a depress\u00e3o entrou no territ\u00f3rio continental), Coimbra, Santar\u00e9m e Lisboa.<\/p>\n<p>Quedas de \u00e1rvores e de estruturas, corte ou o condicionamento de estradas e servi\u00e7os de transporte, em especial linhas ferrovi\u00e1rias, fecho de escolas e cortes de energia, \u00e1gua e comunica\u00e7\u00f5es foram as principais consequ\u00eancias materiais do temporal.<\/p>\n<p>A <strong>Prote\u00e7\u00e3o Civil est\u00e1 em estado de prontid\u00e3o especial de n\u00edvel 4<\/strong>, o m\u00e1ximo, em toda a orla costeira entre Viana do Castelo e Set\u00fabal, e h\u00e1 avisos meteorol\u00f3gicos vermelhos (n\u00edvel mais grave) em toda a costa do continente.<\/p>\n","protected":false},"excerpt":{"rendered":"&#8220;O Siresp [Sistema Integrado de Redes de Emerg\u00eancia e Seguran\u00e7a de Portugal] funcionou de manh\u00e3 e \u00e0 tarde&hellip;\n","protected":false},"author":2,"featured_media":249526,"comment_status":"","ping_status":"","sticky":false,"template":"","format":"standard","meta":{"footnotes":""},"categories":[8],"tags":[27,28,2139,27963,15,16,14,25,26,21,22,8532,12,13,19,20,32,23,24,33,17,18,29,30,31,9417],"class_list":{"0":"post-249525","1":"post","2":"type-post","3":"status-publish","4":"format-standard","5":"has-post-thumbnail","7":"category-principais-noticias","8":"tag-breaking-news","9":"tag-breakingnews","10":"tag-chuva","11":"tag-concelho-batalha","12":"tag-featured-news","13":"tag-featurednews","14":"tag-headlines","15":"tag-latest-news","16":"tag-latestnews","17":"tag-main-news","18":"tag-mainnews","19":"tag-mau-tempo","20":"tag-news","21":"tag-noticias","22":"tag-noticias-principais","23":"tag-noticiasprincipais","24":"tag-portugal","25":"tag-principais-noticias","26":"tag-principaisnoticias","27":"tag-pt","28":"tag-top-stories","29":"tag-topstories","30":"tag-ultimas","31":"tag-ultimas-noticias","32":"tag-ultimasnoticias","33":"tag-vento"},"share_on_mastodon":{"url":"https:\/\/pubeurope.com\/@pt\/115980636233282711","error":""},"_links":{"self":[{"href":"https:\/\/www.europesays.com\/pt\/wp-json\/wp\/v2\/posts\/249525","targetHints":{"allow":["GET"]}}],"collection":[{"href":"https:\/\/www.europesays.com\/pt\/wp-json\/wp\/v2\/posts"}],"about":[{"href":"https:\/\/www.europesays.com\/pt\/wp-json\/wp\/v2\/types\/post"}],"author":[{"embeddable":true,"href":"https:\/\/www.europesays.com\/pt\/wp-json\/wp\/v2\/users\/2"}],"replies":[{"embeddable":true,"href":"https:\/\/www.europesays.com\/pt\/wp-json\/wp\/v2\/comments?post=249525"}],"version-history":[{"count":0,"href":"https:\/\/www.europesays.com\/pt\/wp-json\/wp\/v2\/posts\/249525\/revisions"}],"wp:featuredmedia":[{"embeddable":true,"href":"https:\/\/www.europesays.com\/pt\/wp-json\/wp\/v2\/media\/249526"}],"wp:attachment":[{"href":"https:\/\/www.europesays.com\/pt\/wp-json\/wp\/v2\/media?parent=249525"}],"wp:term":[{"taxonomy":"category","embeddable":true,"href":"https:\/\/www.europesays.com\/pt\/wp-json\/wp\/v2\/categories?post=249525"},{"taxonomy":"post_tag","embeddable":true,"href":"https:\/\/www.europesays.com\/pt\/wp-json\/wp\/v2\/tags?post=249525"}],"curies":[{"name":"wp","href":"https:\/\/api.w.org\/{rel}","templated":true}]}}