{"id":249533,"date":"2026-01-29T22:11:14","date_gmt":"2026-01-29T22:11:14","guid":{"rendered":"https:\/\/www.europesays.com\/pt\/249533\/"},"modified":"2026-01-29T22:11:14","modified_gmt":"2026-01-29T22:11:14","slug":"alex-pretti-tera-estado-envolvido-em-desacatos-com-policia-dias-antes-de-morrer-eua","status":"publish","type":"post","link":"https:\/\/www.europesays.com\/pt\/249533\/","title":{"rendered":"Alex Pretti ter\u00e1 estado envolvido em desacatos com pol\u00edcia dias antes de morrer | EUA"},"content":{"rendered":"<p>O enfermeiro Alex Pretti ter\u00e1 protagonizado uma situa\u00e7\u00e3o de desacatos com a pol\u00edcia 11 dias antes de ser morto a tiro pela pol\u00edcia federal de imigra\u00e7\u00e3o norte-americana, ICE, num protesto contra as suas opera\u00e7\u00f5es em Mine\u00e1polis, no Minnesota.<\/p>\n<p>Ao longo dos \u00faltimos dias, foram publicados por v\u00e1rios meios de comunica\u00e7\u00e3o v\u00eddeos do incidente de 13 de Janeiro, que ter\u00e1 envolvido o enfermeiro <a href=\"https:\/\/www.publico.pt\/2026\/01\/25\/mundo\/noticia\/agentes-federais-mataram-enfermeiro-tiro-mineapolis-sabe-alex-pretti-2162412\" target=\"_blank\" rel=\"nofollow noopener\">Alex Pretti<\/a>. De acordo com as imagens, dois minutos de v\u00eddeo captado durante uma ac\u00e7\u00e3o de protesto contra o corte de uma rua em Mine\u00e1polis pela pol\u00edcia, o enfermeiro ter\u00e1 mostrado os dedos do meio a um ve\u00edculo descaracterizado e logo depois d\u00e1 um pontap\u00e9 ao carro, partindo uma das luzes traseiras.<\/p>\n<p>De seguida, saem do interior do ve\u00edculo v\u00e1rios agentes armados e fardados. Um deles faz uma placagem a Pretti, atirando-o ao ch\u00e3o. Seguem-se v\u00e1rios outros, que se concentram no local onde est\u00e1 o enfermeiro, aparentemente imobilizado. Ao mesmo tempo, atiram latas de g\u00e1s pimenta para o ch\u00e3o, com v\u00e1rias pessoas a protestar contra a forma como Pretti estava a ser tratado.<\/p>\n<p>O enfermeiro consegue libertar-se pouco depois e n\u00e3o abandona o local at\u00e9 os agentes filmados sa\u00edrem de cena. Com toda a confus\u00e3o, o seu casaco levanta-se e pode ver-se uma arma na zona da cintura, ainda que Pretti nunca a tenha tocado. J\u00e1 se veio a saber, entretanto, que tinha <a href=\"https:\/\/www.publico.pt\/2026\/01\/25\/mundo\/noticia\/manifestante-mineapolis-nao-arma-mao-morto-2162442\" target=\"_blank\" rel=\"nofollow noopener\">licen\u00e7a para o porte dessa arma<\/a>, algo que n\u00e3o est\u00e1 proibido em protestos. Sabe-se, tamb\u00e9m, que Pretti tamb\u00e9m n\u00e3o empunhava a arma que tinha licen\u00e7a para ter no <a href=\"https:\/\/www.publico.pt\/2026\/01\/28\/mundo\/noticia\/investigacao-preliminar-confirma-alex-pretti-nao-empunhava-arma-morto-2162804\" target=\"_blank\" rel=\"nofollow noopener\">momento em que foi morto<\/a>, de acordo com uma investiga\u00e7\u00e3o preliminar.<\/p>\n<p>        &#13;<br \/>\n            &#13;<\/p>\n<p>H\u00e1 v\u00e1rios v\u00eddeos do momento. Num deles, o autor da grava\u00e7\u00e3o, identificado como Max Shapiro, aproxima-se de Pretti e pergunta-lhe se estava tudo bem. Pretti ter\u00e1 respondido: \u201cEu estou bem. Estamos todos bem? Estamos todos a salvo?\u201d.<\/p>\n<p>Ao <a href=\"https:\/\/www.startribune.com\/bystander-video-reveals-confrontation-between-alex-pretti-and-federal-agents-11-days-before-killing\/601572009\" target=\"_blank\" rel=\"nofollow noopener\">The Minnesota Star Tribune<\/a>, Max Shapiro confirmou que a pessoa do v\u00eddeo \u201cfoi arremessada para o ch\u00e3o de forma bem dura\u201d.<\/p>\n<p>Contactado pelo <a href=\"https:\/\/www.theguardian.com\/us-news\/2026\/jan\/29\/alex-pretti-shooting-11-days-before-federal-officers-clash\" target=\"_blank\" rel=\"nofollow noopener\">Guardian<\/a>, o advogado que representa a fam\u00edlia de Pretti, Steve Schleicher, confirma que se trata do enfermeiro. \u201cUma semana antes de Alex ser morto a tiros na rua \u2013 apesar de n\u00e3o representar qualquer amea\u00e7a para ningu\u00e9m \u2013, foi violentamente agredido por um grupo de agentes do ICE. Nada do que aconteceu uma semana antes poderia justificar o assassinato de Alex\u201d, l\u00ea-se no comunicado.<\/p>\n<p>Um dos v\u00eddeos foi captado por um dos jornalista do site noticioso<a href=\"https:\/\/www.thenewsmovement.com\/stories\/exclusive-man-who-appears-to-be-alex-pretti-filmed-in-altercation-with-federal-agents\" target=\"_blank\" rel=\"nofollow noopener\"> The News Movement<\/a>, cuja equipa conseguiu confirmar, com 97% de certeza, que se tratava de Alex Pretti, com recurso a tecnologia de reconhecimento facial da BBC.<\/p>\n<p>Em nenhum dos v\u00eddeos se percebe com certeza o que antecedeu ao momento dos desacatos, apenas se percebe que havia um grupo de pessoas a confrontar os agentes. De acordo com o <a href=\"https:\/\/sahanjournal.com\/\" target=\"_blank\" rel=\"nofollow noopener\">Sahan Journal<\/a>, que cobre assuntos que afectam as comunidades migrantes e fez reportagem no local, juntaram-se mais de 100 pessoas para se manifestarem contra a presen\u00e7a do ICE no bairro.<\/p>\n<p>Depois dos desacatos, sabe-se que ele ficou ferido: a <a href=\"https:\/\/edition.cnn.com\/2026\/01\/27\/us\/alex-pretti-protesters-minneapolis-invs\" target=\"_blank\" rel=\"nofollow noopener\">CNN<\/a>, que cita uma fonte pr\u00f3xima, diz que ter\u00e1 partido uma costela e que ter\u00e1 sido medicado. No entanto, o representante da fam\u00edlia disse ao Guardian que ele n\u00e3o procurou ajuda m\u00e9dica.<\/p>\n<p>        &#13;<\/p>\n<p>&#13;<br \/>\n                &#13;\n            <\/p>\n<p>&#13;<\/p>\n<p>O Departamento de Seguran\u00e7a Interna disse, esta quarta-feira, por email citado pelo jornal brit\u00e2nico, que estavam a rever as imagens do v\u00eddeo. Na ter\u00e7a-feira, cita a CNN, ter\u00e1 dito que n\u00e3o tinha \u201cregisto deste incidente\u201d.<\/p>\n<p>\u201cQuando as nossas for\u00e7as policiais se deparam com um agitador violento que est\u00e1 a infringir a lei, a obstruir a aplica\u00e7\u00e3o da lei ou a agredi-las, elas registam os factos para dar andamento ao processo judicial. Isto n\u00e3o \u00e9 nada de novo, \u00e9 um protocolo padr\u00e3o\u201d, afirmou a secret\u00e1ria adjunta do departamento, Tricia McLaughlin, num comunicado citado pelo canal de televis\u00e3o.<\/p>\n","protected":false},"excerpt":{"rendered":"O enfermeiro Alex Pretti ter\u00e1 protagonizado uma situa\u00e7\u00e3o de desacatos com a pol\u00edcia 11 dias antes de ser&hellip;\n","protected":false},"author":2,"featured_media":249534,"comment_status":"","ping_status":"","sticky":false,"template":"","format":"standard","meta":{"footnotes":""},"categories":[50],"tags":[7809,27,28,235,413,15,16,14,17541,25,26,21,22,14198,62,12,13,19,20,23,24,17,18,29,30,31,63,64,65],"class_list":{"0":"post-249533","1":"post","2":"type-post","3":"status-publish","4":"format-standard","5":"has-post-thumbnail","7":"category-mundo","8":"tag-america-do-norte","9":"tag-breaking-news","10":"tag-breakingnews","11":"tag-estados-unidos","12":"tag-eua","13":"tag-featured-news","14":"tag-featurednews","15":"tag-headlines","16":"tag-ice","17":"tag-latest-news","18":"tag-latestnews","19":"tag-main-news","20":"tag-mainnews","21":"tag-minnesota","22":"tag-mundo","23":"tag-news","24":"tag-noticias","25":"tag-noticias-principais","26":"tag-noticiasprincipais","27":"tag-principais-noticias","28":"tag-principaisnoticias","29":"tag-top-stories","30":"tag-topstories","31":"tag-ultimas","32":"tag-ultimas-noticias","33":"tag-ultimasnoticias","34":"tag-world","35":"tag-world-news","36":"tag-worldnews"},"share_on_mastodon":{"url":"https:\/\/pubeurope.com\/@pt\/115980683467789419","error":""},"_links":{"self":[{"href":"https:\/\/www.europesays.com\/pt\/wp-json\/wp\/v2\/posts\/249533","targetHints":{"allow":["GET"]}}],"collection":[{"href":"https:\/\/www.europesays.com\/pt\/wp-json\/wp\/v2\/posts"}],"about":[{"href":"https:\/\/www.europesays.com\/pt\/wp-json\/wp\/v2\/types\/post"}],"author":[{"embeddable":true,"href":"https:\/\/www.europesays.com\/pt\/wp-json\/wp\/v2\/users\/2"}],"replies":[{"embeddable":true,"href":"https:\/\/www.europesays.com\/pt\/wp-json\/wp\/v2\/comments?post=249533"}],"version-history":[{"count":0,"href":"https:\/\/www.europesays.com\/pt\/wp-json\/wp\/v2\/posts\/249533\/revisions"}],"wp:featuredmedia":[{"embeddable":true,"href":"https:\/\/www.europesays.com\/pt\/wp-json\/wp\/v2\/media\/249534"}],"wp:attachment":[{"href":"https:\/\/www.europesays.com\/pt\/wp-json\/wp\/v2\/media?parent=249533"}],"wp:term":[{"taxonomy":"category","embeddable":true,"href":"https:\/\/www.europesays.com\/pt\/wp-json\/wp\/v2\/categories?post=249533"},{"taxonomy":"post_tag","embeddable":true,"href":"https:\/\/www.europesays.com\/pt\/wp-json\/wp\/v2\/tags?post=249533"}],"curies":[{"name":"wp","href":"https:\/\/api.w.org\/{rel}","templated":true}]}}