{"id":249535,"date":"2026-01-29T22:12:12","date_gmt":"2026-01-29T22:12:12","guid":{"rendered":"https:\/\/www.europesays.com\/pt\/249535\/"},"modified":"2026-01-29T22:12:12","modified_gmt":"2026-01-29T22:12:12","slug":"suspensa-venda-de-bilhetes-para-alfa-e-intercidades-no-norte-observador","status":"publish","type":"post","link":"https:\/\/www.europesays.com\/pt\/249535\/","title":{"rendered":"Suspensa venda de bilhetes para Alfa e Intercidades no Norte \u2013 Observador"},"content":{"rendered":"<p>A CP suspendeu a venda de bilhetes para os comboios Alfa Pendular e Intercidades das linhas do Norte, Beira Alta e Beira Baixa entre esta quarta-feira e quinta-feira, segundo o mais recente balan\u00e7o divulgado pela transportadora.<\/p>\n<p>Devido aos efeitos da passagem da depress\u00e3o Kristin pelo territ\u00f3rio continental, a circula\u00e7\u00e3o ferrovi\u00e1ria continua suspensa entre Porto e Lisboa para comboios de longo curso na Linha do Norte, onde tamb\u00e9m est\u00e1 suspenso o servi\u00e7o regional entre Coimbra B e Entroncamento.<\/p>\n<p>Tamb\u00e9m est\u00e1 suspensa a circula\u00e7\u00e3o ferrovi\u00e1ria nas linhas da Beira Baixa e do Oeste, segundo o mais recente balan\u00e7o da CP.<\/p>\n<p>Ainda de acordo com a transportadora, a circula\u00e7\u00e3o ferrovi\u00e1ria j\u00e1 foi retomada na Linha do Douro, na Linha do Sul, na Linha de \u00c9vora, no Ramal de Tomar e no servi\u00e7o regional entre Coimbra B e Aveiro (Linha do Norte). A circula\u00e7\u00e3o tamb\u00e9m foi retomada na Linha da Beira Alta apenas no servi\u00e7o regional.<\/p>\n<p>A passagem da depress\u00e3o Kristin pelo territ\u00f3rio portugu\u00eas deixou um rasto de destrui\u00e7\u00e3o, causou cinco mortos e v\u00e1rios desalojados. Os distritos mais afetados foram Leiria (por onde a depress\u00e3o entrou no territ\u00f3rio continental), Coimbra, Santar\u00e9m e Lisboa.<\/p>\n<p>Quedas de \u00e1rvores e de estruturas, corte ou o condicionamento de estradas e servi\u00e7os de transporte, em especial linhas ferrovi\u00e1rias, fecho de escolas e cortes de energia, \u00e1gua e comunica\u00e7\u00f5es foram as principais consequ\u00eancias materiais do temporal.<\/p>\n<p>A Prote\u00e7\u00e3o Civil est\u00e1 em estado de prontid\u00e3o especial de n\u00edvel 4, o m\u00e1ximo, em toda a orla costeira entre Viana do Castelo e Set\u00fabal, e h\u00e1 avisos meteorol\u00f3gicos vermelhos (n\u00edvel mais grave) em toda a costa do continente.<\/p>\n<p><b>[Esta \u00e9 a hist\u00f3ria de como dezenas de portuguesas se juntaram a mulheres de v\u00e1rios outros pa\u00edses e se tornaram seguidoras de uma seita controlada por um guru manipulador. Recrutadas numa escola de yoga em Lisboa, muitas acabaram em casas de massagens er\u00f3ticas ou a serem filmadas em cenas de sexo e orgias.\u00a0<a href=\"https:\/\/observador.pt\/programas\/os-segredos-da-seita-do-yoga\/\" rel=\"nofollow noopener\" target=\"_blank\">\u201cOs segredos da seita do yoga\u201d<\/a>\u00a0\u00e9 o novo Podcast Plus, do Observador.\u00a0Uma s\u00e9rie em seis epis\u00f3dios, narrada pela atriz Daniela Ruah, com banda sonora original de Benjamim.\u00a0Ou\u00e7a\u00a0o primeiro epis\u00f3dio no\u00a0<a href=\"https:\/\/observador.pt\/programas\/os-segredos-da-seita-do-yoga\/episodio-1-e-proibido-fazer-sexo\/\" rel=\"nofollow noopener\" target=\"_blank\">site do Observador<\/a>, na\u00a0<a href=\"https:\/\/podcasts.apple.com\/lv\/podcast\/epis%C3%B3dio-1-%C3%A9-proibido-fazer-sexo\/id1870299321?i=1000746759456\" rel=\"nofollow noopener\" target=\"_blank\">Apple Podcasts<\/a>, no\u00a0<a href=\"https:\/\/open.spotify.com\/episode\/2s8hxIEItKKgi6BdUA5Ywm\" rel=\"nofollow noopener\" target=\"_blank\">Spotify<\/a>\u00a0e no\u00a0<a href=\"https:\/\/www.youtube.com\/watch?v=AhEpbQxNMrs\" rel=\"nofollow noopener\" target=\"_blank\">Youtube Music<\/a>.]<\/b><\/p>\n<p><a href=\"https:\/\/observador.pt\/programas\/os-segredos-da-seita-do-yoga\/episodio-1-e-proibido-fazer-sexo\/\" rel=\"nofollow noopener\" target=\"_blank\"><\/p>\n<p>        <img src=\"https:\/\/www.europesays.com\/pt\/wp-content\/uploads\/2026\/01\/thumbnail-a-seita-do-yoga.jpg\" alt=\"\" loading=\"lazy\" decoding=\"async\" class=\"alignnone\" onload=\"this.parentElement.classList.remove('spinner')\" onerror=\"this.parentElement.classList.remove('spinner')\" width=\"770\" height=\"433\"\/>    <\/p>\n<p><\/a><\/p>\n","protected":false},"excerpt":{"rendered":"A CP suspendeu a venda de bilhetes para os comboios Alfa Pendular e Intercidades das linhas do Norte,&hellip;\n","protected":false},"author":2,"featured_media":249536,"comment_status":"","ping_status":"","sticky":false,"template":"","format":"standard","meta":{"footnotes":""},"categories":[10],"tags":[27,28,14671,476,90,15,16,14,25,26,21,22,12,13,19,20,32,23,24,33,17,18,29,30,31],"class_list":{"0":"post-249535","1":"post","2":"type-post","3":"status-publish","4":"format-standard","5":"has-post-thumbnail","7":"category-portugal","8":"tag-breaking-news","9":"tag-breakingnews","10":"tag-cp","11":"tag-economia","12":"tag-empresas","13":"tag-featured-news","14":"tag-featurednews","15":"tag-headlines","16":"tag-latest-news","17":"tag-latestnews","18":"tag-main-news","19":"tag-mainnews","20":"tag-news","21":"tag-noticias","22":"tag-noticias-principais","23":"tag-noticiasprincipais","24":"tag-portugal","25":"tag-principais-noticias","26":"tag-principaisnoticias","27":"tag-pt","28":"tag-top-stories","29":"tag-topstories","30":"tag-ultimas","31":"tag-ultimas-noticias","32":"tag-ultimasnoticias"},"share_on_mastodon":{"url":"https:\/\/pubeurope.com\/@pt\/115980687289966752","error":""},"_links":{"self":[{"href":"https:\/\/www.europesays.com\/pt\/wp-json\/wp\/v2\/posts\/249535","targetHints":{"allow":["GET"]}}],"collection":[{"href":"https:\/\/www.europesays.com\/pt\/wp-json\/wp\/v2\/posts"}],"about":[{"href":"https:\/\/www.europesays.com\/pt\/wp-json\/wp\/v2\/types\/post"}],"author":[{"embeddable":true,"href":"https:\/\/www.europesays.com\/pt\/wp-json\/wp\/v2\/users\/2"}],"replies":[{"embeddable":true,"href":"https:\/\/www.europesays.com\/pt\/wp-json\/wp\/v2\/comments?post=249535"}],"version-history":[{"count":0,"href":"https:\/\/www.europesays.com\/pt\/wp-json\/wp\/v2\/posts\/249535\/revisions"}],"wp:featuredmedia":[{"embeddable":true,"href":"https:\/\/www.europesays.com\/pt\/wp-json\/wp\/v2\/media\/249536"}],"wp:attachment":[{"href":"https:\/\/www.europesays.com\/pt\/wp-json\/wp\/v2\/media?parent=249535"}],"wp:term":[{"taxonomy":"category","embeddable":true,"href":"https:\/\/www.europesays.com\/pt\/wp-json\/wp\/v2\/categories?post=249535"},{"taxonomy":"post_tag","embeddable":true,"href":"https:\/\/www.europesays.com\/pt\/wp-json\/wp\/v2\/tags?post=249535"}],"curies":[{"name":"wp","href":"https:\/\/api.w.org\/{rel}","templated":true}]}}