{"id":249572,"date":"2026-01-29T23:09:21","date_gmt":"2026-01-29T23:09:21","guid":{"rendered":"https:\/\/www.europesays.com\/pt\/249572\/"},"modified":"2026-01-29T23:09:21","modified_gmt":"2026-01-29T23:09:21","slug":"governo-vai-abrir-apoio-a-agricultores-com-taxas-que-podem-chegar-a-100","status":"publish","type":"post","link":"https:\/\/www.europesays.com\/pt\/249572\/","title":{"rendered":"Governo vai abrir apoio a agricultores com taxas que podem chegar a 100%"},"content":{"rendered":"<p>        Os formul\u00e1rios para as declara\u00e7\u00f5es de preju\u00edzos est\u00e3o dispon\u00edveis nos \u2018sites\u2019 das CCDR \u2013 Comiss\u00f5es de Coordena\u00e7\u00e3o e Desenvolvimento Regional e v\u00e1rias equipas est\u00e3o a fazer uma primeira avalia\u00e7\u00e3o dos estragos.    <\/p>\n<p>O Minist\u00e9rio da Agricultura vai abrir uma medida de restabelecimento do potencial produtivo, devido ao impacto do mau tempo, para investimentos entre 5.000 e 400.000 euros, cuja taxa de apoio pode chegar aos 100%, avan\u00e7ou \u00e0 Lusa.<\/p>\n<p class=\"text-paragraph\">Os formul\u00e1rios para as declara\u00e7\u00f5es de preju\u00edzos est\u00e3o dispon\u00edveis nos \u2018sites\u2019 das CCDR \u2013 Comiss\u00f5es de Coordena\u00e7\u00e3o e Desenvolvimento Regional e v\u00e1rias equipas est\u00e3o a fazer uma primeira avalia\u00e7\u00e3o dos estragos.<\/p>\n<p class=\"text-paragraph\">\u201cCom estas informa\u00e7\u00f5es abriremos uma medida de restabelecimento do potencial produtivo para investimentos eleg\u00edveis entre 5.000 euros e 400.000 euros, cuja taxa de apoio pode chegar aos 100%, para os preju\u00edzos at\u00e9 aos 10.000 euros\u201d, adiantou o Minist\u00e9rio da Agricultura e Mar, em resposta \u00e0 Lusa.<\/p>\n<p class=\"text-paragraph\">Por sua vez, a Dire\u00e7\u00e3o-Geral de Alimenta\u00e7\u00e3o e Veterin\u00e1ria (DGAV), ap\u00f3s a fal\u00eancia das comunica\u00e7\u00f5es nas sedes regionais, disponibilizou tr\u00eas linhas telef\u00f3nicas \u2013 uma no centro e duas em Lisboa e Vale do Tejo -, para mitigar situa\u00e7\u00f5es urgentes.<\/p>\n<p class=\"text-paragraph\">O Instituto da Conserva\u00e7\u00e3o da Natureza e Florestas (ICNF) disponibilizou \u00e0 Prote\u00e7\u00e3o Civil equipas de sapadores florestais para apoiar a\u00e7\u00f5es no terreno.<\/p>\n<p class=\"text-paragraph\">Nas \u00e1reas que est\u00e3o sob a responsabilidade do ICNF, nomeadamente matas p\u00fablicas do litoral, incluindo o Pinhal de Leiria, Casal da Lebre e Mata do Urso, est\u00e3o mobilizados cerca de 60 operacionais do instituto.<\/p>\n<p class=\"text-paragraph\">Esta primeira interven\u00e7\u00e3o destina-se a repor a seguran\u00e7a e a circula\u00e7\u00e3o, seguir-se-\u00e1 uma interven\u00e7\u00e3o de recupera\u00e7\u00e3o.<\/p>\n<p class=\"text-paragraph\">De acordo com o Governo, registaram-se tamb\u00e9m estragos nos portos de Peniche e da Figueira da Foz, estando a ser feito o levantamento dos mesmos para posterior reporte \u00e0s seguradoras.<\/p>\n<p class=\"text-paragraph\">A passagem da depress\u00e3o Kristin pelo territ\u00f3rio portugu\u00eas, na quarta-feira, deixou um rasto de destrui\u00e7\u00e3o, causando pelo menos seis mortos, v\u00e1rios feridos e desalojados.<\/p>\n<p class=\"text-paragraph\">Quedas de \u00e1rvores e de estruturas, corte ou o condicionamento de estradas e servi\u00e7os de transporte, em especial linhas ferrovi\u00e1rias, fecho de escolas e cortes de energia, \u00e1gua e comunica\u00e7\u00f5es foram as principais consequ\u00eancias materiais do temporal.<\/p>\n<p class=\"text-paragraph\">Leiria, por onde a depress\u00e3o entrou no territ\u00f3rio do continente, Coimbra e Santar\u00e9m s\u00e3o os distritos que registam mais estragos.<\/p>\n<p class=\"text-paragraph\">O Governo anunciou que vai decretar situa\u00e7\u00e3o de calamidade nas zonas mais afetadas pela tempestade .<\/p>\n","protected":false},"excerpt":{"rendered":"Os formul\u00e1rios para as declara\u00e7\u00f5es de preju\u00edzos est\u00e3o dispon\u00edveis nos \u2018sites\u2019 das CCDR \u2013 Comiss\u00f5es de Coordena\u00e7\u00e3o e&hellip;\n","protected":false},"author":2,"featured_media":249573,"comment_status":"","ping_status":"","sticky":false,"template":"","format":"standard","meta":{"footnotes":""},"categories":[10],"tags":[27,28,15,16,14,25,26,21,22,12,13,19,20,32,23,24,33,17,18,29,30,31],"class_list":{"0":"post-249572","1":"post","2":"type-post","3":"status-publish","4":"format-standard","5":"has-post-thumbnail","7":"category-portugal","8":"tag-breaking-news","9":"tag-breakingnews","10":"tag-featured-news","11":"tag-featurednews","12":"tag-headlines","13":"tag-latest-news","14":"tag-latestnews","15":"tag-main-news","16":"tag-mainnews","17":"tag-news","18":"tag-noticias","19":"tag-noticias-principais","20":"tag-noticiasprincipais","21":"tag-portugal","22":"tag-principais-noticias","23":"tag-principaisnoticias","24":"tag-pt","25":"tag-top-stories","26":"tag-topstories","27":"tag-ultimas","28":"tag-ultimas-noticias","29":"tag-ultimasnoticias"},"share_on_mastodon":{"url":"https:\/\/pubeurope.com\/@pt\/115980911556695715","error":""},"_links":{"self":[{"href":"https:\/\/www.europesays.com\/pt\/wp-json\/wp\/v2\/posts\/249572","targetHints":{"allow":["GET"]}}],"collection":[{"href":"https:\/\/www.europesays.com\/pt\/wp-json\/wp\/v2\/posts"}],"about":[{"href":"https:\/\/www.europesays.com\/pt\/wp-json\/wp\/v2\/types\/post"}],"author":[{"embeddable":true,"href":"https:\/\/www.europesays.com\/pt\/wp-json\/wp\/v2\/users\/2"}],"replies":[{"embeddable":true,"href":"https:\/\/www.europesays.com\/pt\/wp-json\/wp\/v2\/comments?post=249572"}],"version-history":[{"count":0,"href":"https:\/\/www.europesays.com\/pt\/wp-json\/wp\/v2\/posts\/249572\/revisions"}],"wp:featuredmedia":[{"embeddable":true,"href":"https:\/\/www.europesays.com\/pt\/wp-json\/wp\/v2\/media\/249573"}],"wp:attachment":[{"href":"https:\/\/www.europesays.com\/pt\/wp-json\/wp\/v2\/media?parent=249572"}],"wp:term":[{"taxonomy":"category","embeddable":true,"href":"https:\/\/www.europesays.com\/pt\/wp-json\/wp\/v2\/categories?post=249572"},{"taxonomy":"post_tag","embeddable":true,"href":"https:\/\/www.europesays.com\/pt\/wp-json\/wp\/v2\/tags?post=249572"}],"curies":[{"name":"wp","href":"https:\/\/api.w.org\/{rel}","templated":true}]}}