{"id":24990,"date":"2025-08-11T15:24:11","date_gmt":"2025-08-11T15:24:11","guid":{"rendered":"https:\/\/www.europesays.com\/pt\/24990\/"},"modified":"2025-08-11T15:24:11","modified_gmt":"2025-08-11T15:24:11","slug":"novos-livros-disponiveis-na-biblioteca-publica-de-varginha","status":"publish","type":"post","link":"https:\/\/www.europesays.com\/pt\/24990\/","title":{"rendered":"Novos livros dispon\u00edveis na Biblioteca P\u00fablica de Varginha"},"content":{"rendered":"<p>Confira a lista com novos livros dispon\u00edveis para reserva na Biblioteca P\u00fablica de Varginha.<\/p>\n<p><strong>V\u00e9rtice: jornada Feminina <\/strong>\u2013 Suellen Villas Boas<br \/><strong>Cadernos de Inf\u00e2ncia<\/strong> \u2013 Norah Lange<br \/><strong>O Ca\u00e7ador das Bolachas Perdidas: as incr\u00edveis incurs\u00f5es de um brasileiro pelo front da musica popular brasileiras e do futebol nos anos 40 e 50 <\/strong>\u2013 Jorge Cravo<br \/><strong>N\u00e3o Nascemos Prontos \u2013<\/strong> Mario Sergio Cortella.<br \/><strong>O Tempo Cuida de Tudo:vol.1-<\/strong> Marcelo Cezar, pelo esp\u00edtrito Marco Aurelio.<\/p>\n<p>Logo abaixo, \u00e9 poss\u00edvel conferir um pequeno resumo de cada obra.<\/p>\n<p>Para levar algum deles para casa \u00e9 necess\u00e1rio se cadastras, apresentando um <strong>documento de identidade<\/strong> e <strong>comprovante de endere\u00e7o<\/strong>.<\/p>\n<p>O Atendimento \u00e9 de <strong>segunda a sexta das 8h \u00e0s 12h e das 13h das 17h<\/strong><br \/><strong>Endere\u00e7o: <\/strong>Pra\u00e7a Gov. Benedito Varadares, 141- Centro<br \/><strong>Telefone: <\/strong>3690 2141<\/p>\n<p><img loading=\"lazy\" decoding=\"async\" width=\"680\" height=\"850\" src=\"https:\/\/www.europesays.com\/pt\/wp-content\/uploads\/2025\/08\/Livros-Novos-Biblioteca-11-08-25-2-imagens-0-680x850.jpg\" alt=\"\" class=\"wp-image-34587\" style=\"width:430px;height:auto\"  \/><\/p>\n<p><img loading=\"lazy\" decoding=\"async\" width=\"680\" height=\"850\" src=\"https:\/\/www.europesays.com\/pt\/wp-content\/uploads\/2025\/08\/Livros-Novos-Biblioteca-11-08-25-2-imagens-4-680x850.jpg\" alt=\"\" class=\"wp-image-34589\" style=\"width:431px;height:auto\"  \/><\/p>\n<p><img loading=\"lazy\" decoding=\"async\" width=\"680\" height=\"850\" src=\"https:\/\/www.europesays.com\/pt\/wp-content\/uploads\/2025\/08\/Livros-Novos-Biblioteca-11-08-25-2-imagens-5-680x850.jpg\" alt=\"\" class=\"wp-image-34590\" style=\"width:431px;height:auto\"  \/><\/p>\n<p><img loading=\"lazy\" decoding=\"async\" width=\"680\" height=\"850\" src=\"https:\/\/www.europesays.com\/pt\/wp-content\/uploads\/2025\/08\/Livros-Novos-Biblioteca-11-08-25-2-imagens-6-680x850.jpg\" alt=\"\" class=\"wp-image-34591\" style=\"width:434px;height:auto\"  \/><\/p>\n<p><img loading=\"lazy\" decoding=\"async\" width=\"680\" height=\"850\" src=\"https:\/\/www.europesays.com\/pt\/wp-content\/uploads\/2025\/08\/Livros-Novos-Biblioteca-11-08-25-2-imagens-7-1-680x850.jpg\" alt=\"\" class=\"wp-image-34593\" style=\"width:440px;height:auto\"  \/><\/p>\n<p><img loading=\"lazy\" decoding=\"async\" width=\"680\" height=\"850\" src=\"https:\/\/www.europesays.com\/pt\/wp-content\/uploads\/2025\/08\/Livros-Novos-Biblioteca-11-08-25-2-imagens-8-1-680x850.jpg\" alt=\"\" class=\"wp-image-34595\" style=\"width:439px;height:auto\"  \/><\/p>\n<p><img loading=\"lazy\" decoding=\"async\" width=\"680\" height=\"850\" src=\"https:\/\/www.europesays.com\/pt\/wp-content\/uploads\/2025\/08\/Livros-Novos-Biblioteca-11-08-25-2-imagens-9-680x850.jpg\" alt=\"\" class=\"wp-image-34596\" style=\"width:441px;height:auto\"  \/><\/p>\n","protected":false},"excerpt":{"rendered":"Confira a lista com novos livros dispon\u00edveis para reserva na Biblioteca P\u00fablica de Varginha. V\u00e9rtice: jornada Feminina \u2013&hellip;\n","protected":false},"author":2,"featured_media":24991,"comment_status":"","ping_status":"","sticky":false,"template":"","format":"standard","meta":{"footnotes":""},"categories":[143],"tags":[169,114,115,170,32,33],"class_list":{"0":"post-24990","1":"post","2":"type-post","3":"status-publish","4":"format-standard","5":"has-post-thumbnail","7":"category-livros","8":"tag-books","9":"tag-entertainment","10":"tag-entretenimento","11":"tag-livros","12":"tag-portugal","13":"tag-pt"},"share_on_mastodon":{"url":"","error":""},"_links":{"self":[{"href":"https:\/\/www.europesays.com\/pt\/wp-json\/wp\/v2\/posts\/24990","targetHints":{"allow":["GET"]}}],"collection":[{"href":"https:\/\/www.europesays.com\/pt\/wp-json\/wp\/v2\/posts"}],"about":[{"href":"https:\/\/www.europesays.com\/pt\/wp-json\/wp\/v2\/types\/post"}],"author":[{"embeddable":true,"href":"https:\/\/www.europesays.com\/pt\/wp-json\/wp\/v2\/users\/2"}],"replies":[{"embeddable":true,"href":"https:\/\/www.europesays.com\/pt\/wp-json\/wp\/v2\/comments?post=24990"}],"version-history":[{"count":0,"href":"https:\/\/www.europesays.com\/pt\/wp-json\/wp\/v2\/posts\/24990\/revisions"}],"wp:featuredmedia":[{"embeddable":true,"href":"https:\/\/www.europesays.com\/pt\/wp-json\/wp\/v2\/media\/24991"}],"wp:attachment":[{"href":"https:\/\/www.europesays.com\/pt\/wp-json\/wp\/v2\/media?parent=24990"}],"wp:term":[{"taxonomy":"category","embeddable":true,"href":"https:\/\/www.europesays.com\/pt\/wp-json\/wp\/v2\/categories?post=24990"},{"taxonomy":"post_tag","embeddable":true,"href":"https:\/\/www.europesays.com\/pt\/wp-json\/wp\/v2\/tags?post=24990"}],"curies":[{"name":"wp","href":"https:\/\/api.w.org\/{rel}","templated":true}]}}