{"id":250015,"date":"2026-01-30T09:26:10","date_gmt":"2026-01-30T09:26:10","guid":{"rendered":"https:\/\/www.europesays.com\/pt\/250015\/"},"modified":"2026-01-30T09:26:10","modified_gmt":"2026-01-30T09:26:10","slug":"a-hora-dos-sorteios-da-liga-dos-campeoes-e-da-liga-europa-e-as-datas-dos-jogos","status":"publish","type":"post","link":"https:\/\/www.europesays.com\/pt\/250015\/","title":{"rendered":"a hora dos sorteios da Liga dos Campe\u00f5es e da Liga Europa e as datas dos jogos"},"content":{"rendered":"<p>FC Porto e Sp. Braga apuraram-se diretamente para os oitavos de final da Liga Europa, seguindo nas provas continentais \u00e0 semelhan\u00e7a de Sporting e Benfica, nos &#8216;oitavos&#8217; e no playoff&#8217; da Liga dos Campe\u00f5es, respetivamente. O sorteio do playoff das duas provas \u00e9 j\u00e1 esta sexta-feira: \u00e0s 11h00 o da Champions e \u00e0s 12h00 o da Liga Europa.<\/p>\n<p>No entanto, das quatro equipas portuguesas apenas o Benfica ficar\u00e1 a conhecer\u00a0amanh\u00e3 com exatid\u00e3o o seu advers\u00e1rio, ficando os restantes em &#8216;stand by&#8217;. Os encarnados sabem que ir\u00e3o medir for\u00e7as com Real Madrid ou Inter Mil\u00e3o e que, se passarem, defrontar\u00e3o depois Sporting ou Manchester City.<\/p>\n<p><b>Potes para o playoff da Champions:<\/b><\/p>\n<p><b>Cabe\u00e7as-de-s\u00e9rie<\/b><\/p>\n<p>Real Madrid (ESP)<br \/>Inter (ITA)<br \/>PSG\u00a0 (FRA)<br \/>Newcastle (ENG)<br \/>Juventus (ITA)<br \/>Atl\u00e9tico Madrid (ESP)<br \/>Atalanta (ITA)<br \/>Leverkusen (GER)<\/p>\n<p><b>N\u00e3o cabe\u00e7as-de-s\u00e9rie<\/b><\/p>\n<p>B. Dortmund (GER)<br \/>Olympiacos (GRE)<br \/>Club Brugge (BEL)<br \/>Galatasaray (TUR)<br \/>Monaco (FRA)<br \/>Qarabag (AZE)<br \/>Bodo\/Glimt (NOR)<br \/>Benfica (POR)<\/p>\n<p><b>Datas a reter:<\/b><\/p>\n<p><b>Playoff da fase a eliminar:<\/b> 17\/18 e 24\/25 de Fevereiro de 2026 <br \/><b>Sorteios dos oitavos-de-final, dos quartos-de-final e das meias-finais:<\/b> 27 de Fevereiro de 2026 <br \/><b>Oitavos-de-final:<\/b> 10\/11 e 17\/18 de Mar\u00e7o de 2026 <br \/><b>Quartos-de-final:<\/b> 7\/8 e 14\/15 de Abril de 2026<br \/><b>Meias-finais:<\/b> 28\/29 de Abril e 5\/6 de Maio de 2026<br \/><b>Final:<\/b> 30 de Maio de 2026 (Budapeste)<\/p>\n<p>Quanto \u00e0 Liga Europa, FC Porto (5.\u00ba) e Sp. Braga (6.\u00ba) conhecem, de antem\u00e3o, os poss\u00edveis advers\u00e1rios com os quais ir\u00e3o medir for\u00e7as: Celtic (21.\u00ba) ou Ludogorets (22.\u00ba) n\u00e3o jogam entre si e v\u00e3o defrontar Estugarda (11.\u00ba) ou Ferencv\u00e1ros (12.\u00ba). Os dois vencedores ir\u00e3o depois medir for\u00e7as com as equipas portuguesas, que s\u00f3 conhecer\u00e3o exatamente os seus advers\u00e1rios a 27 de fevereiro, data do sorteio dos oitavos de final.<\/p>\n<p><b>Playoff da fase a eliminar da Europa League:<\/b> 19 e 26 de Fevereiro de 2026<br \/><b>Sorteios dos oitavos-de-final, dos quartos-de-final e das meias-finais:<\/b> 27 de Fevereiro de 2026 <br \/><b>Oitavos-de-final:<\/b> 12 e 19 de Mar\u00e7o de 2026 <br \/><b>Quartos-de-final:<\/b> 9 e 16 de Abril de 2026<br \/><b>Meias-finais: <\/b>30 de Abril e 7 de Maio de 2026<br \/><b>Final: <\/b>20 de Maio de 2026 (Istambul)<\/p>\n","protected":false},"excerpt":{"rendered":"FC Porto e Sp. Braga apuraram-se diretamente para os oitavos de final da Liga Europa, seguindo nas provas&hellip;\n","protected":false},"author":2,"featured_media":250016,"comment_status":"","ping_status":"","sticky":false,"template":"","format":"standard","meta":{"footnotes":""},"categories":[87],"tags":[135,32,33,134],"class_list":{"0":"post-250015","1":"post","2":"type-post","3":"status-publish","4":"format-standard","5":"has-post-thumbnail","7":"category-desporto","8":"tag-desporto","9":"tag-portugal","10":"tag-pt","11":"tag-sports"},"share_on_mastodon":{"url":"https:\/\/pubeurope.com\/@pt\/115983337539241549","error":""},"_links":{"self":[{"href":"https:\/\/www.europesays.com\/pt\/wp-json\/wp\/v2\/posts\/250015","targetHints":{"allow":["GET"]}}],"collection":[{"href":"https:\/\/www.europesays.com\/pt\/wp-json\/wp\/v2\/posts"}],"about":[{"href":"https:\/\/www.europesays.com\/pt\/wp-json\/wp\/v2\/types\/post"}],"author":[{"embeddable":true,"href":"https:\/\/www.europesays.com\/pt\/wp-json\/wp\/v2\/users\/2"}],"replies":[{"embeddable":true,"href":"https:\/\/www.europesays.com\/pt\/wp-json\/wp\/v2\/comments?post=250015"}],"version-history":[{"count":0,"href":"https:\/\/www.europesays.com\/pt\/wp-json\/wp\/v2\/posts\/250015\/revisions"}],"wp:featuredmedia":[{"embeddable":true,"href":"https:\/\/www.europesays.com\/pt\/wp-json\/wp\/v2\/media\/250016"}],"wp:attachment":[{"href":"https:\/\/www.europesays.com\/pt\/wp-json\/wp\/v2\/media?parent=250015"}],"wp:term":[{"taxonomy":"category","embeddable":true,"href":"https:\/\/www.europesays.com\/pt\/wp-json\/wp\/v2\/categories?post=250015"},{"taxonomy":"post_tag","embeddable":true,"href":"https:\/\/www.europesays.com\/pt\/wp-json\/wp\/v2\/tags?post=250015"}],"curies":[{"name":"wp","href":"https:\/\/api.w.org\/{rel}","templated":true}]}}