{"id":250021,"date":"2026-01-30T09:32:09","date_gmt":"2026-01-30T09:32:09","guid":{"rendered":"https:\/\/www.europesays.com\/pt\/250021\/"},"modified":"2026-01-30T09:32:09","modified_gmt":"2026-01-30T09:32:09","slug":"plano-de-drenagem-de-agueda-segurou-as-cheias","status":"publish","type":"post","link":"https:\/\/www.europesays.com\/pt\/250021\/","title":{"rendered":"Plano de drenagem de \u00c1gueda segurou as cheias"},"content":{"rendered":"<p>A paisagem nesta quinta-feira \u00e9 aqu\u00e1tica. Antes de chegar \u00e0 cidade de \u00c1gueda, o Vouga sinaliza as cheias: h\u00e1 campos alagados e os pilares da ponte do IC 2 est\u00e3o submersos, mas a cidade est\u00e1 a resistir \u00e0s inunda\u00e7\u00f5es. Apenas um edif\u00edcio residencial, duas moradias e outras tantas lojas est\u00e3o submersos. A cidade investiu num sistema de preven\u00e7\u00e3o de inunda\u00e7\u00f5es e, at\u00e9 \u201c\u00e0 nova preia-mar, \u00e0s 18 horas, n\u00e3o haver\u00e1 grandes problemas\u201d, afirma Jorge Laureano, segundo-comandante dos Bombeiros de \u00c1gueda.<\/p>\n<p><a href=\"https:\/\/expresso.pt\/subscrever?action=GEN&amp;channel=BAF&amp;type=CAP&amp;source=WEB&amp;returnUrl=https:\/\/expresso.pt\/sociedade\/meteorologia\/2026-01-29-plano-de-drenagem-de-agueda-segurou-as-cheias-47466c1d&amp;utm_source=expresso&amp;utm_medium=locked_article&amp;locked=true&amp;article_id=5fc45275-b6c7-4a6c-96f5-075f1908c435&amp;author_id=Amadeu+Ara\u00fajo&amp;category=Tempo+e+Meteorologia\" target=\"_self\" class=\"\" rel=\"nofollow noopener\">Subscrever<\/a>J\u00e1 \u00e9 Subscritor?Fa\u00e7a login e continue a ler<a href=\"http:\/\/expresso.pt\/codigo?redirectUrl=https:\/\/expresso.pt\/sociedade\/meteorologia\/2026-01-29-plano-de-drenagem-de-agueda-segurou-as-cheias-47466c1d\" target=\"_self\" class=\"\" rel=\"nofollow noopener\">Inserir C\u00f3digo<\/a>Comprou o Expresso?Insira o c\u00f3digo presente na Revista E para continuar a ler<\/p>\n","protected":false},"excerpt":{"rendered":"A paisagem nesta quinta-feira \u00e9 aqu\u00e1tica. Antes de chegar \u00e0 cidade de \u00c1gueda, o Vouga sinaliza as cheias:&hellip;\n","protected":false},"author":2,"featured_media":250022,"comment_status":"","ping_status":"","sticky":false,"template":"","format":"standard","meta":{"footnotes":""},"categories":[10],"tags":[27,28,15,16,14,25,26,21,22,12,13,19,20,32,23,24,33,17,18,29,30,31],"class_list":{"0":"post-250021","1":"post","2":"type-post","3":"status-publish","4":"format-standard","5":"has-post-thumbnail","7":"category-portugal","8":"tag-breaking-news","9":"tag-breakingnews","10":"tag-featured-news","11":"tag-featurednews","12":"tag-headlines","13":"tag-latest-news","14":"tag-latestnews","15":"tag-main-news","16":"tag-mainnews","17":"tag-news","18":"tag-noticias","19":"tag-noticias-principais","20":"tag-noticiasprincipais","21":"tag-portugal","22":"tag-principais-noticias","23":"tag-principaisnoticias","24":"tag-pt","25":"tag-top-stories","26":"tag-topstories","27":"tag-ultimas","28":"tag-ultimas-noticias","29":"tag-ultimasnoticias"},"share_on_mastodon":{"url":"https:\/\/pubeurope.com\/@pt\/115983361211787583","error":""},"_links":{"self":[{"href":"https:\/\/www.europesays.com\/pt\/wp-json\/wp\/v2\/posts\/250021","targetHints":{"allow":["GET"]}}],"collection":[{"href":"https:\/\/www.europesays.com\/pt\/wp-json\/wp\/v2\/posts"}],"about":[{"href":"https:\/\/www.europesays.com\/pt\/wp-json\/wp\/v2\/types\/post"}],"author":[{"embeddable":true,"href":"https:\/\/www.europesays.com\/pt\/wp-json\/wp\/v2\/users\/2"}],"replies":[{"embeddable":true,"href":"https:\/\/www.europesays.com\/pt\/wp-json\/wp\/v2\/comments?post=250021"}],"version-history":[{"count":0,"href":"https:\/\/www.europesays.com\/pt\/wp-json\/wp\/v2\/posts\/250021\/revisions"}],"wp:featuredmedia":[{"embeddable":true,"href":"https:\/\/www.europesays.com\/pt\/wp-json\/wp\/v2\/media\/250022"}],"wp:attachment":[{"href":"https:\/\/www.europesays.com\/pt\/wp-json\/wp\/v2\/media?parent=250021"}],"wp:term":[{"taxonomy":"category","embeddable":true,"href":"https:\/\/www.europesays.com\/pt\/wp-json\/wp\/v2\/categories?post=250021"},{"taxonomy":"post_tag","embeddable":true,"href":"https:\/\/www.europesays.com\/pt\/wp-json\/wp\/v2\/tags?post=250021"}],"curies":[{"name":"wp","href":"https:\/\/api.w.org\/{rel}","templated":true}]}}