{"id":250262,"date":"2026-01-30T13:37:48","date_gmt":"2026-01-30T13:37:48","guid":{"rendered":"https:\/\/www.europesays.com\/pt\/250262\/"},"modified":"2026-01-30T13:37:48","modified_gmt":"2026-01-30T13:37:48","slug":"ainda-nao-acabou-nic-von-rupp-deixa-aviso-sobre-a-tempestade-com-imagens-de-fazer-tremer-novelas","status":"publish","type":"post","link":"https:\/\/www.europesays.com\/pt\/250262\/","title":{"rendered":"\u00abAinda n\u00e3o acabou\u00bb: Nic Von Rupp deixa aviso sobre a tempestade com imagens de fazer tremer &#8211; Novelas"},"content":{"rendered":"<p data-end=\"486\" data-start=\"209\">O <strong data-end=\"246\" data-start=\"211\">surfista <a href=\"https:\/\/tvi.iol.pt\/novelas\/matilde-reymao\/nick-von-rupp\/foi-assustador-matilde-reymao-vive-momento-de-tensao-que-nunca-ira-esquecer\" rel=\"nofollow noopener\" target=\"_blank\">Nic Von Rupp<\/a><\/strong>, conhecido pelas suas aventuras em <strong data-end=\"300\" data-start=\"282\">ondas gigantes<\/strong>, e noivo da atriz <strong data-end=\"337\" data-start=\"319\">Matilde Reym\u00e3o<\/strong>, que d\u00e1 vida a Mariana na novela A Protegida, voltou a partilhar com os seguidores uma atualiza\u00e7\u00e3o sobre as condi\u00e7\u00f5es extremas no mar da Nazar\u00e9.<\/p>\n<p data-end=\"527\" data-start=\"488\">Nas redes sociais, o atleta escreveu:\u00a0<strong data-end=\"1009\" data-start=\"531\">\u00ab14 dias seguidos de tempestades no Atl\u00e2ntico, uma atr\u00e1s da outra. Ondula\u00e7\u00e3o de 5 a 8 metros e Nazar\u00e9 totalmente ativa. A tempestade Ingrid est\u00e1 a gerar ondas enormes e vento forte. A tempestade Kristin registou 160 km\/h, e trouxe caos.<\/strong><\/p>\n<p><strong data-end=\"1009\" data-start=\"531\">Mas ainda n\u00e3o acabou: este fim de semana haver\u00e1 mais ondas gigantes, sendo que s\u00e1bado dever\u00e1 ser maior e com condi\u00e7\u00f5es mais limpas. Portanto, se tiveres interesse em experimentar Nazar\u00e9 a partir da \u00e1gua, envia-me uma DM.\u00bb<\/strong><\/p>\n<p data-end=\"1245\" data-start=\"1013\">A publica\u00e7\u00e3o revela n\u00e3o apenas a <strong data-end=\"1081\" data-start=\"1046\">for\u00e7a e perigo das ondas atuais<\/strong>, mas tamb\u00e9m o convite de Nic Von Rupp para que outros aventureiros possam experienciar o <strong data-end=\"1210\" data-start=\"1171\">mar de Nazar\u00e9 em condi\u00e7\u00f5es extremas<\/strong>, sempre com a devida prepara\u00e7\u00e3o.<\/p>\n<p data-end=\"1362\" data-start=\"1247\">Nos coment\u00e1rios, os f\u00e3s reagiram com entusiasmo e curiosidade sobre as condi\u00e7\u00f5es do mar, deixando mensagens como:\u00a0\u00abVou para l\u00e1 amanh\u00e3!! Espero ver alguns surfistas a desafiar estas ondas gigantes!!\u00bb, \u00abEu vou este s\u00e1bado, ser\u00e1 que vai haver ondas?\u00bb, \u00abQu\u00e3o grandes estavam as ondas no s\u00e1bado passado? Estive l\u00e1 e n\u00e3o sei qu\u00e3o grandes eram, <strong>para mim foram ENORMES\u00bb<\/strong>, \u00abA tempestade solar deu aquele impulso extra\u00bb, e \u00abVoc\u00eas s\u00e3o loucos!!!\u00bb.<\/p>\n","protected":false},"excerpt":{"rendered":"O surfista Nic Von Rupp, conhecido pelas suas aventuras em ondas gigantes, e noivo da atriz Matilde Reym\u00e3o,&hellip;\n","protected":false},"author":2,"featured_media":250263,"comment_status":"","ping_status":"","sticky":false,"template":"","format":"standard","meta":{"footnotes":"","_share_on_mastodon":"0"},"categories":[142],"tags":[160,166,114,115,157,167,164,46420,2219,881,35706,161,32196,158,165,159,32,33,156,8211,20982,163,151,162],"class_list":["post-250262","post","type-post","status-publish","format-standard","has-post-thumbnail","category-tv","tag-ana-guiomar","tag-cristina-ferreira","tag-entertainment","tag-entretenimento","tag-festa-e-festa","tag-ficcao","tag-jose-fidalgo","tag-kristin","tag-mar","tag-matilde-reymao","tag-nick-von-rupp","tag-novelas","tag-ondas-gigantes","tag-para-sempre","tag-pedro-sousa","tag-pedro-teixeira","tag-portugal","tag-pt","tag-queridos-papas","tag-surf","tag-tempestade","tag-tiago-teotonio-pereira","tag-tv","tag-tvi"],"share_on_mastodon":{"url":"https:\/\/pubeurope.com\/@pt\/115984330477405248","error":""},"_links":{"self":[{"href":"https:\/\/www.europesays.com\/pt\/wp-json\/wp\/v2\/posts\/250262","targetHints":{"allow":["GET"]}}],"collection":[{"href":"https:\/\/www.europesays.com\/pt\/wp-json\/wp\/v2\/posts"}],"about":[{"href":"https:\/\/www.europesays.com\/pt\/wp-json\/wp\/v2\/types\/post"}],"author":[{"embeddable":true,"href":"https:\/\/www.europesays.com\/pt\/wp-json\/wp\/v2\/users\/2"}],"replies":[{"embeddable":true,"href":"https:\/\/www.europesays.com\/pt\/wp-json\/wp\/v2\/comments?post=250262"}],"version-history":[{"count":0,"href":"https:\/\/www.europesays.com\/pt\/wp-json\/wp\/v2\/posts\/250262\/revisions"}],"wp:featuredmedia":[{"embeddable":true,"href":"https:\/\/www.europesays.com\/pt\/wp-json\/wp\/v2\/media\/250263"}],"wp:attachment":[{"href":"https:\/\/www.europesays.com\/pt\/wp-json\/wp\/v2\/media?parent=250262"}],"wp:term":[{"taxonomy":"category","embeddable":true,"href":"https:\/\/www.europesays.com\/pt\/wp-json\/wp\/v2\/categories?post=250262"},{"taxonomy":"post_tag","embeddable":true,"href":"https:\/\/www.europesays.com\/pt\/wp-json\/wp\/v2\/tags?post=250262"}],"curies":[{"name":"wp","href":"https:\/\/api.w.org\/{rel}","templated":true}]}}