{"id":25030,"date":"2025-08-11T15:51:07","date_gmt":"2025-08-11T15:51:07","guid":{"rendered":"https:\/\/www.europesays.com\/pt\/25030\/"},"modified":"2025-08-11T15:51:07","modified_gmt":"2025-08-11T15:51:07","slug":"paraiso-no-caos-a-casa-que-e-um-oasis-arquitetonico-em-sao-paulo-yearbook","status":"publish","type":"post","link":"https:\/\/www.europesays.com\/pt\/25030\/","title":{"rendered":"Para\u00edso no caos: a casa que \u00e9 um o\u00e1sis arquitet\u00f4nico em S\u00e3o Paulo | Yearbook"},"content":{"rendered":"\n<p class=\" content-text__container theme-color-primary-first-letter\" data-track-category=\"Link no Texto\" data-track-links=\"\"> Em um terreno estreito em S\u00e3o Paulo, a casa de 285 m\u00b2 foi projetada na medida para o estilo de vida solo do propriet\u00e1rio. Os arquitetos Fernando Forte, Louren\u00e7o Gimenes e Rodrigo Marcondes Ferraz, do <a class=\"\" href=\"https:\/\/www.instagram.com\/fgmf\/\" target=\"_blank\" rel=\"nofollow noopener\">FGMF Arquitetos<\/a>, contudo, pensaram al\u00e9m: criaram <a class=\"\" href=\"https:\/\/casavogue.globo.com\/Interiores\/Ambientes\/noticia\/2022\/09\/area-social-integrada-18-projetos-modernos-e-aconchegantes.html\" rel=\"nofollow noopener\" target=\"_blank\">ambientes amplos e integrados<\/a> ao exterior, numa planta capaz de acompanhar poss\u00edveis transforma\u00e7\u00f5es \u2013 como abrigar uma fam\u00edlia no futuro. <\/p>\n<p> <script async src=\"\/\/www.instagram.com\/embed.js\"><\/script><\/p>\n","protected":false},"excerpt":{"rendered":"Em um terreno estreito em S\u00e3o Paulo, a casa de 285 m\u00b2 foi projetada na medida para o&hellip;\n","protected":false},"author":2,"featured_media":25031,"comment_status":"","ping_status":"","sticky":false,"template":"","format":"standard","meta":{"footnotes":""},"categories":[144],"tags":[207,205,206,203,201,202,204,114,115,32,33],"class_list":{"0":"post-25030","1":"post","2":"type-post","3":"status-publish","4":"format-standard","5":"has-post-thumbnail","7":"category-arte-e-design","8":"tag-arte","9":"tag-arte-e-design","10":"tag-artedesign","11":"tag-arts","12":"tag-arts-and-design","13":"tag-artsanddesign","14":"tag-design","15":"tag-entertainment","16":"tag-entretenimento","17":"tag-portugal","18":"tag-pt"},"share_on_mastodon":{"url":"","error":""},"_links":{"self":[{"href":"https:\/\/www.europesays.com\/pt\/wp-json\/wp\/v2\/posts\/25030","targetHints":{"allow":["GET"]}}],"collection":[{"href":"https:\/\/www.europesays.com\/pt\/wp-json\/wp\/v2\/posts"}],"about":[{"href":"https:\/\/www.europesays.com\/pt\/wp-json\/wp\/v2\/types\/post"}],"author":[{"embeddable":true,"href":"https:\/\/www.europesays.com\/pt\/wp-json\/wp\/v2\/users\/2"}],"replies":[{"embeddable":true,"href":"https:\/\/www.europesays.com\/pt\/wp-json\/wp\/v2\/comments?post=25030"}],"version-history":[{"count":0,"href":"https:\/\/www.europesays.com\/pt\/wp-json\/wp\/v2\/posts\/25030\/revisions"}],"wp:featuredmedia":[{"embeddable":true,"href":"https:\/\/www.europesays.com\/pt\/wp-json\/wp\/v2\/media\/25031"}],"wp:attachment":[{"href":"https:\/\/www.europesays.com\/pt\/wp-json\/wp\/v2\/media?parent=25030"}],"wp:term":[{"taxonomy":"category","embeddable":true,"href":"https:\/\/www.europesays.com\/pt\/wp-json\/wp\/v2\/categories?post=25030"},{"taxonomy":"post_tag","embeddable":true,"href":"https:\/\/www.europesays.com\/pt\/wp-json\/wp\/v2\/tags?post=25030"}],"curies":[{"name":"wp","href":"https:\/\/api.w.org\/{rel}","templated":true}]}}