{"id":250310,"date":"2026-01-30T14:15:12","date_gmt":"2026-01-30T14:15:12","guid":{"rendered":"https:\/\/www.europesays.com\/pt\/250310\/"},"modified":"2026-01-30T14:15:12","modified_gmt":"2026-01-30T14:15:12","slug":"bruxelas-diz-que-protecao-civil-da-ue-pode-enviar-geradores-mas-ainda-nao-recebeu-pedido","status":"publish","type":"post","link":"https:\/\/www.europesays.com\/pt\/250310\/","title":{"rendered":"Bruxelas diz que Prote\u00e7\u00e3o Civil da UE pode enviar geradores, mas ainda n\u00e3o recebeu pedido"},"content":{"rendered":"<p style=\"text-align: left;\">A Comiss\u00e3o Europeia lamenta as v\u00edtimas e os danos causados pela tempestade Kristin em Portugal e lembra que o Mecanismo Europeu de Prote\u00e7\u00e3o Civil pode ajudar o pa\u00eds, por exemplo, atrav\u00e9s do envio de geradores. Mas para j\u00e1, Bruxelas ainda n\u00e3o recebeu um pedido de ativa\u00e7\u00e3o de Portugal.<\/p>\n<p><a href=\"https:\/\/expresso.pt\/subscrever?action=GEN&amp;channel=BAF&amp;type=CAP&amp;source=WEB&amp;returnUrl=https:\/\/expresso.pt\/sociedade\/meteorologia\/2026-01-30-bruxelas-diz-que-protecao-civil-da-ue-pode-enviar-geradores-mas-ainda-nao-recebeu-pedido-c5c5bbfa&amp;utm_source=expresso&amp;utm_medium=locked_article&amp;locked=true&amp;article_id=a21dfe92-5258-4ff2-b8e5-b28b50ce83c3&amp;author_id=Susana+Frexes&amp;category=Tempo+e+Meteorologia\" target=\"_self\" class=\"\" rel=\"nofollow noopener\">Subscrever<\/a>J\u00e1 \u00e9 Subscritor?Fa\u00e7a login e continue a ler<a href=\"http:\/\/expresso.pt\/codigo?redirectUrl=https:\/\/expresso.pt\/sociedade\/meteorologia\/2026-01-30-bruxelas-diz-que-protecao-civil-da-ue-pode-enviar-geradores-mas-ainda-nao-recebeu-pedido-c5c5bbfa\" target=\"_self\" class=\"\" rel=\"nofollow noopener\">Inserir C\u00f3digo<\/a>Comprou o Expresso?Insira o c\u00f3digo presente na Revista E para continuar a ler<\/p>\n","protected":false},"excerpt":{"rendered":"A Comiss\u00e3o Europeia lamenta as v\u00edtimas e os danos causados pela tempestade Kristin em Portugal e lembra que&hellip;\n","protected":false},"author":2,"featured_media":250311,"comment_status":"","ping_status":"","sticky":false,"template":"","format":"standard","meta":{"footnotes":""},"categories":[8],"tags":[27,28,15,16,14,25,26,21,22,12,13,19,20,32,23,24,33,17,18,29,30,31],"class_list":{"0":"post-250310","1":"post","2":"type-post","3":"status-publish","4":"format-standard","5":"has-post-thumbnail","7":"category-principais-noticias","8":"tag-breaking-news","9":"tag-breakingnews","10":"tag-featured-news","11":"tag-featurednews","12":"tag-headlines","13":"tag-latest-news","14":"tag-latestnews","15":"tag-main-news","16":"tag-mainnews","17":"tag-news","18":"tag-noticias","19":"tag-noticias-principais","20":"tag-noticiasprincipais","21":"tag-portugal","22":"tag-principais-noticias","23":"tag-principaisnoticias","24":"tag-pt","25":"tag-top-stories","26":"tag-topstories","27":"tag-ultimas","28":"tag-ultimas-noticias","29":"tag-ultimasnoticias"},"share_on_mastodon":{"url":"https:\/\/pubeurope.com\/@pt\/115984473984829362","error":""},"_links":{"self":[{"href":"https:\/\/www.europesays.com\/pt\/wp-json\/wp\/v2\/posts\/250310","targetHints":{"allow":["GET"]}}],"collection":[{"href":"https:\/\/www.europesays.com\/pt\/wp-json\/wp\/v2\/posts"}],"about":[{"href":"https:\/\/www.europesays.com\/pt\/wp-json\/wp\/v2\/types\/post"}],"author":[{"embeddable":true,"href":"https:\/\/www.europesays.com\/pt\/wp-json\/wp\/v2\/users\/2"}],"replies":[{"embeddable":true,"href":"https:\/\/www.europesays.com\/pt\/wp-json\/wp\/v2\/comments?post=250310"}],"version-history":[{"count":0,"href":"https:\/\/www.europesays.com\/pt\/wp-json\/wp\/v2\/posts\/250310\/revisions"}],"wp:featuredmedia":[{"embeddable":true,"href":"https:\/\/www.europesays.com\/pt\/wp-json\/wp\/v2\/media\/250311"}],"wp:attachment":[{"href":"https:\/\/www.europesays.com\/pt\/wp-json\/wp\/v2\/media?parent=250310"}],"wp:term":[{"taxonomy":"category","embeddable":true,"href":"https:\/\/www.europesays.com\/pt\/wp-json\/wp\/v2\/categories?post=250310"},{"taxonomy":"post_tag","embeddable":true,"href":"https:\/\/www.europesays.com\/pt\/wp-json\/wp\/v2\/tags?post=250310"}],"curies":[{"name":"wp","href":"https:\/\/api.w.org\/{rel}","templated":true}]}}