{"id":250323,"date":"2026-01-30T14:29:08","date_gmt":"2026-01-30T14:29:08","guid":{"rendered":"https:\/\/www.europesays.com\/pt\/250323\/"},"modified":"2026-01-30T14:29:08","modified_gmt":"2026-01-30T14:29:08","slug":"benfica-defronta-real-madrid-outra-vez-no-playoff-da-champions","status":"publish","type":"post","link":"https:\/\/www.europesays.com\/pt\/250323\/","title":{"rendered":"Benfica defronta Real Madrid (outra vez) no playoff da Champions"},"content":{"rendered":"<p>O Benfica vai ter de defrontar o Real Madrid no playoff de acesso aos oitavos de final da Liga dos Campe\u00f5es. O sorteio realizado esta sexta-feira em Nyon, na Su\u00ed\u00e7a, ditou as \u00e1guias voltem a defrontar o conjunto merengue &#8211; o mais titulado na prova -, desta vez em dose dupla, com jogo no Est\u00e1dio da Luz e outro no Santiago Bernab\u00e9u, depois do embate na \u00faltima jornada da fase de liga.\u00a0<\/p>\n<p>O Benfica jogar\u00e1 na condi\u00e7\u00e3o de visitado no jogo da 1.\u00aa m\u00e3o, que ficar\u00e1 agendado para 17 ou 18 de fevereiro, tendo de se deslocar a Madrid no dia 24 ou 25 de fevereiro.\u00a0<\/p>\n<p>No restante sorteio do playoff, nota para o embate gaul\u00eas entre AS Monaco e PSG. O Bodo\/Glimt vai medir for\u00e7as com o Inter, o Qarabag defronta o Newcastle e o Galatasaray vai jogar contra a Juventus.\u00a0<\/p>\n<p>Por sua vez, Borussia Dortmund e Atalanta disputam um lugar nos oitavos de final, sendo a \u00faltima vaga disputada por Olympiacos e Bayer Leverkusen.\u00a0<\/p>\n<p>Confira, abaixo, as incid\u00eancias principais do sorteio realizado em Nyon.<\/p>\n<blockquote class=\"instagram-media\" style=\"background: #FFF; border: 0; border-radius: 3px; box-shadow: 0 0 1px 0 rgba(0,0,0,0.5),0 1px 10px 0 rgba(0,0,0,0.15); margin: 1px; max-width: 540px; min-width: 326px; padding: 0; width: calc(100% - 2px);\" data-instgrm-captioned=\"\" data-instgrm-permalink=\"https:\/\/www.instagram.com\/p\/DUIhUotCEHS\/?utm_source=ig_embed&amp;utm_campaign=loading\" data-instgrm-version=\"14\"><p>&#13;<br \/>\n                                                    &#13;\n                                                    <\/p><\/blockquote>\n<p>                                            <script async src=\"\/\/www.instagram.com\/embed.js\"><\/script><\/p>\n","protected":false},"excerpt":{"rendered":"O Benfica vai ter de defrontar o Real Madrid no playoff de acesso aos oitavos de final da&hellip;\n","protected":false},"author":2,"featured_media":250324,"comment_status":"","ping_status":"","sticky":false,"template":"","format":"standard","meta":{"footnotes":""},"categories":[8],"tags":[27,28,15,16,14,25,26,21,22,12,13,19,20,32,23,24,33,17,18,29,30,31],"class_list":{"0":"post-250323","1":"post","2":"type-post","3":"status-publish","4":"format-standard","5":"has-post-thumbnail","7":"category-principais-noticias","8":"tag-breaking-news","9":"tag-breakingnews","10":"tag-featured-news","11":"tag-featurednews","12":"tag-headlines","13":"tag-latest-news","14":"tag-latestnews","15":"tag-main-news","16":"tag-mainnews","17":"tag-news","18":"tag-noticias","19":"tag-noticias-principais","20":"tag-noticiasprincipais","21":"tag-portugal","22":"tag-principais-noticias","23":"tag-principaisnoticias","24":"tag-pt","25":"tag-top-stories","26":"tag-topstories","27":"tag-ultimas","28":"tag-ultimas-noticias","29":"tag-ultimasnoticias"},"share_on_mastodon":{"url":"https:\/\/pubeurope.com\/@pt\/115984529320615998","error":""},"_links":{"self":[{"href":"https:\/\/www.europesays.com\/pt\/wp-json\/wp\/v2\/posts\/250323","targetHints":{"allow":["GET"]}}],"collection":[{"href":"https:\/\/www.europesays.com\/pt\/wp-json\/wp\/v2\/posts"}],"about":[{"href":"https:\/\/www.europesays.com\/pt\/wp-json\/wp\/v2\/types\/post"}],"author":[{"embeddable":true,"href":"https:\/\/www.europesays.com\/pt\/wp-json\/wp\/v2\/users\/2"}],"replies":[{"embeddable":true,"href":"https:\/\/www.europesays.com\/pt\/wp-json\/wp\/v2\/comments?post=250323"}],"version-history":[{"count":0,"href":"https:\/\/www.europesays.com\/pt\/wp-json\/wp\/v2\/posts\/250323\/revisions"}],"wp:featuredmedia":[{"embeddable":true,"href":"https:\/\/www.europesays.com\/pt\/wp-json\/wp\/v2\/media\/250324"}],"wp:attachment":[{"href":"https:\/\/www.europesays.com\/pt\/wp-json\/wp\/v2\/media?parent=250323"}],"wp:term":[{"taxonomy":"category","embeddable":true,"href":"https:\/\/www.europesays.com\/pt\/wp-json\/wp\/v2\/categories?post=250323"},{"taxonomy":"post_tag","embeddable":true,"href":"https:\/\/www.europesays.com\/pt\/wp-json\/wp\/v2\/tags?post=250323"}],"curies":[{"name":"wp","href":"https:\/\/api.w.org\/{rel}","templated":true}]}}