{"id":250337,"date":"2026-01-30T14:41:07","date_gmt":"2026-01-30T14:41:07","guid":{"rendered":"https:\/\/www.europesays.com\/pt\/250337\/"},"modified":"2026-01-30T14:41:07","modified_gmt":"2026-01-30T14:41:07","slug":"zelensky-culpa-europeus-por-falhas-na-defesa-aerea-da-ucrania-guerra-na-ucrania","status":"publish","type":"post","link":"https:\/\/www.europesays.com\/pt\/250337\/","title":{"rendered":"Zelensky culpa europeus por falhas na defesa a\u00e9rea da Ucr\u00e2nia | Guerra na Ucr\u00e2nia"},"content":{"rendered":"<p>O Presidente da Ucr\u00e2nia, Volodymyr Zelensky, afirmou que um atraso na entrega de m\u00edsseis de intercep\u00e7\u00e3o Pac-3 para os sistemas de defesa a\u00e9rea do pa\u00eds permitiu que ataques russos atingissem com sucesso a infra-estrutura de energia, levando a que muitos ucranianos ficassem sem acesso a aquecimento, energia e \u00e1gua num Inverno que est\u00e1 a ser particularmente duro, segundo o di\u00e1rio brit\u00e2nico Financial Times.<\/p>\n<p>Zelensky fez estas afirma\u00e7\u00f5es na quinta-feira \u00e0 noite, sem nomear, no entanto, o pa\u00eds aliado que atrasou o pagamento dos proj\u00e9cteis que levou a que estes n\u00e3o fossem entregues a tempo, afirmando apenas que \u201ca tranche sob <a href=\"https:\/\/www.publico.pt\/2025\/10\/15\/mundo\/noticia\/portugal-avanca-50-milhoes-euros-compra-armas-eua-ucrania-2150958\" rel=\"nofollow noopener\" target=\"_blank\">a PURL<\/a> [Lista de Necessidades Priorit\u00e1rias da Ucr\u00e2nia, na sigla em ingl\u00eas] n\u00e3o foi paga\u201d, e \u201cos m\u00edsseis n\u00e3o chegaram\u201d.<\/p>\n<p>O ataque a que Zelensky parecia ter-se referido foi o de 20 de Janeiro em que a R\u00fassia lan\u00e7ou 34 m\u00edsseis bal\u00edsticos de cruzeiro, e para os quais os \u00fanicos interceptores ao dispor das For\u00e7as Armadas ucranianas s\u00e3o os Pac-3 de fabrico norte-americano.<\/p>\n<p>J\u00e1 a 16 de Janeiro Zelensky avisava para o facto de as reservas das muni\u00e7\u00f5es para defesa a\u00e9rea estarem a baixar muito e aproximar-se de n\u00edveis perigosos, lembra o di\u00e1rio brit\u00e2nico.<\/p>\n<p>Esta n\u00e3o \u00e9 a primeira vez que, recentemente, Zelensky acusa os aliados europeus, com o seu discurso de Davos a ser marcado por afirma\u00e7\u00f5es contundentes em rela\u00e7\u00e3o \u00e0 Europa, que estaria em \u201cmodo Gronel\u00e2ndia\u201d, \u201c\u00e0 espera que talvez algu\u00e9m em algum lado fa\u00e7a alguma coisa\u201d, mas incapaz de se proteger. \u201cNo ano passado, aqui em Davos acabei o meu discurso com as palavras \u2018A Europa precisa de saber como se defender\u2019. Passou um ano, e nada mudou\u201d, criticou.<\/p>\n<p>O Presidente da Ucr\u00e2nia disse agora que as suas palavras duras no F\u00f3rum Econ\u00f3mico Mundial se deveram \u00e0 sua frustra\u00e7\u00e3o com este pagamento atrasado. \u201cImaginem isto. Eu sei que h\u00e1 m\u00edsseis bal\u00edsticos a serem disparados contra a nossa infra-estrutura de energia, eu sei que h\u00e1 sistemas Patriot deslocados, e sei que n\u00e3o vai haver electricidade, porque n\u00e3o h\u00e1 m\u00edsseis para fazer a intercep\u00e7\u00e3o\u201d, resumiu.<\/p>\n<p>\u201cAs nossas unidades de defesa contra ataques bal\u00edsticos est\u00e3o vazias \u2013 simplesmente vazias\u201d, lamentou. \u201cE eu a negociar para os m\u00edsseis Pac-3 que chegam um dia depois de termos sido postos \u00e0 beira de um apag\u00e3o.\u201d<\/p>\n<p>Os m\u00edsseis, continuou, deveriam ter chegado um m\u00eas mais cedo, quando Kiev recebeu informa\u00e7\u00e3o dos parceiros ocidentais mostrando \u201cque est\u00e3o a caminho m\u00edsseis bal\u00edsticos\u201d. \u201cEu sei que foram lan\u00e7ados m\u00edsseis bal\u00edsticos, e os parceiros sabem que as defesas \u00e1reas est\u00e3o vazias\u201d, relatou. Por isso \u00e9 importante que \u201ca Europa e a Ucr\u00e2nia estejam em sintonia, para que tudo possa ser eficaz e acontecer a tempo\u201d.<\/p>\n<p>O Financial Times ouviu dois respons\u00e1veis ocidentais que rejeitaram que as afirma\u00e7\u00f5es de Zelensky fossem correctas, mas recusaram dar detalhes. O jornal contactou a NATO \u2013 a iniciativa PURL decorre com coordena\u00e7\u00e3o da Alian\u00e7a Atl\u00e2ntica \u2013 que n\u00e3o respondeu.<\/p>\n<p>Enquanto isso, o Presidente dos EUA, Donald Trump, <a href=\"https:\/\/www.publico.pt\/2026\/01\/29\/mundo\/noticia\/putin-aceitou-parar-ataques-durante-semana-devido-frio-extremo-ucrania-trump-2162973\" rel=\"nofollow noopener\" target=\"_blank\">afirmou<\/a> que o Presidente da Federa\u00e7\u00e3o Russa, Vladimir Putin, concordara em suspender os ataques durante uma semana de frio extremo, com previs\u00f5es de temperaturas nocturnas de at\u00e9 30\u00baC negativos<\/p>\n<p>A For\u00e7a A\u00e9rea ucraniana relatou, no entanto, que a R\u00fassia lan\u00e7ou um m\u00edssil e mais de cem drones contra a Ucr\u00e2nia.<\/p>\n<p>A capital, Kiev, parece, no entanto, ter sido poupada, n\u00e3o tendo soado sirenes de aviso durante a noite, relatou o Financial Times.<\/p>\n","protected":false},"excerpt":{"rendered":"O Presidente da Ucr\u00e2nia, Volodymyr Zelensky, afirmou que um atraso na entrega de m\u00edsseis de intercep\u00e7\u00e3o Pac-3 para&hellip;\n","protected":false},"author":2,"featured_media":250338,"comment_status":"","ping_status":"","sticky":false,"template":"","format":"standard","meta":{"footnotes":""},"categories":[50],"tags":[27,28,92,235,445,15,16,889,14,25,26,21,22,62,3400,12,13,19,20,23,24,839,17,18,840,29,30,31,2416,63,64,65],"class_list":{"0":"post-250337","1":"post","2":"type-post","3":"status-publish","4":"format-standard","5":"has-post-thumbnail","7":"category-mundo","8":"tag-breaking-news","9":"tag-breakingnews","10":"tag-donald-trump","11":"tag-estados-unidos","12":"tag-europa","13":"tag-featured-news","14":"tag-featurednews","15":"tag-guerra-na-ucrania","16":"tag-headlines","17":"tag-latest-news","18":"tag-latestnews","19":"tag-main-news","20":"tag-mainnews","21":"tag-mundo","22":"tag-nato","23":"tag-news","24":"tag-noticias","25":"tag-noticias-principais","26":"tag-noticiasprincipais","27":"tag-principais-noticias","28":"tag-principaisnoticias","29":"tag-russia","30":"tag-top-stories","31":"tag-topstories","32":"tag-ucrania","33":"tag-ultimas","34":"tag-ultimas-noticias","35":"tag-ultimasnoticias","36":"tag-volodymyr-zelensky","37":"tag-world","38":"tag-world-news","39":"tag-worldnews"},"share_on_mastodon":{"url":"","error":""},"_links":{"self":[{"href":"https:\/\/www.europesays.com\/pt\/wp-json\/wp\/v2\/posts\/250337","targetHints":{"allow":["GET"]}}],"collection":[{"href":"https:\/\/www.europesays.com\/pt\/wp-json\/wp\/v2\/posts"}],"about":[{"href":"https:\/\/www.europesays.com\/pt\/wp-json\/wp\/v2\/types\/post"}],"author":[{"embeddable":true,"href":"https:\/\/www.europesays.com\/pt\/wp-json\/wp\/v2\/users\/2"}],"replies":[{"embeddable":true,"href":"https:\/\/www.europesays.com\/pt\/wp-json\/wp\/v2\/comments?post=250337"}],"version-history":[{"count":0,"href":"https:\/\/www.europesays.com\/pt\/wp-json\/wp\/v2\/posts\/250337\/revisions"}],"wp:featuredmedia":[{"embeddable":true,"href":"https:\/\/www.europesays.com\/pt\/wp-json\/wp\/v2\/media\/250338"}],"wp:attachment":[{"href":"https:\/\/www.europesays.com\/pt\/wp-json\/wp\/v2\/media?parent=250337"}],"wp:term":[{"taxonomy":"category","embeddable":true,"href":"https:\/\/www.europesays.com\/pt\/wp-json\/wp\/v2\/categories?post=250337"},{"taxonomy":"post_tag","embeddable":true,"href":"https:\/\/www.europesays.com\/pt\/wp-json\/wp\/v2\/tags?post=250337"}],"curies":[{"name":"wp","href":"https:\/\/api.w.org\/{rel}","templated":true}]}}