{"id":250354,"date":"2026-01-30T14:56:08","date_gmt":"2026-01-30T14:56:08","guid":{"rendered":"https:\/\/www.europesays.com\/pt\/250354\/"},"modified":"2026-01-30T14:56:08","modified_gmt":"2026-01-30T14:56:08","slug":"na-zona-de-leiria-ha-mais-de-200-mil-clientes-sem-energia-protecao-civil-pede-geradores-para-a-regiao-oeste-diario-de-noticias","status":"publish","type":"post","link":"https:\/\/www.europesays.com\/pt\/250354\/","title":{"rendered":"Na zona de Leiria h\u00e1 mais de 200 mil clientes sem energia. Prote\u00e7\u00e3o Civil pede geradores para a regi\u00e3o Oeste &#8211; Di\u00e1rio de Not\u00edcias"},"content":{"rendered":"<ol>\n<li><a href=\"https:\/\/news.google.com\/rss\/articles\/CBMiwwFBVV95cUxPdVZTWF9feWlKYmlOODFqcE1GcGFzZXlsWTdMdGtoQnlJZTZLNFhmUUtjbEdQWFByMEZJUnduRVA1OENuUTlMVkpEMGFjcWpxUjE0R1FXSjFoRDN5eU9yZGRfV0xLcmdFMmVLR2JSSnZ4LWxULWZTZmhidEhFV2Nwc0oxUHRUUWZGV3JQN0NoRnJScnp0NW4ySm0zaXJ2WlE2aEJYUjQxWmx5Unk1UGpZQzJ2X1ljQnNic3Nvbk1UNXdzSFU?oc=5\" target=\"_blank\" rel=\"nofollow noopener\">Na zona de Leiria h\u00e1 mais de 200 mil clientes sem energia. Prote\u00e7\u00e3o Civil pede geradores para a regi\u00e3o Oeste<\/a>&nbsp;&nbsp;Di\u00e1rio de Not\u00edcias<\/li>\n<li><a href=\"https:\/\/news.google.com\/rss\/articles\/CBMiqAFBVV95cUxOOW5FS0haZzhHT1BtUVptb2RNek1hbk16bFFva2FDeXFCcHM0X2xWaXdnd1lfdG5vR0RSeFpQOWtPLVhjbFVqTFlmRjYwM3ZSLWFSeW5ZN2hNVEZCNVRxaHZMZVlGVE5YYXVlZ2tFY1BuZXZyT0FLelRSb3BNVWNFX0tuQzZsSUZtQ3dtTE1IY2lQODdQWEIwVnRnbmhERlhHNXZsQ1VaeTM?oc=5\" target=\"_blank\" rel=\"nofollow noopener\">Governo reconhece dimens\u00e3o &#8220;brutal&#8221; dos preju\u00edzos do mau tempo e admite recorrer a apoio europeu<\/a>&nbsp;&nbsp;Jornal de Not\u00edcias<\/li>\n<li><a href=\"https:\/\/news.google.com\/rss\/articles\/CBMirgFBVV95cUxOYnFiSHlwZ0V2YnFNT21fTEV2dHFDYjE3NGNES2ViWjhpZmkwYjhDN20yaHIybHAwSGlUM1dxUjNQVFdhSzJqcmktYnpMcVdPbUdNVW5DZ3FSaXpjYjJjX3NJTWxWVVp0cUQxUFhvMTRaZW81eER6aTdFVWtWUDRMMmRiWFJWN0ZwZUo4SUpLUlUxTS0yWFRFMUV4RGxoUmtkMlBjemJZZXNTTHAtdXc?oc=5\" target=\"_blank\" rel=\"nofollow noopener\">&#8220;A dimens\u00e3o dos preju\u00edzos \u00e9 brutal&#8221;, admite Leit\u00e3o Amaro. \u201cBastante acima\u201d dos inc\u00eandios de 2024 ou 2025, prev\u00ea ministro da Economia<\/a>&nbsp;&nbsp;Di\u00e1rio de Not\u00edcias<\/li>\n<li><a href=\"https:\/\/news.google.com\/rss\/articles\/CBMivwFBVV95cUxObGdLbjhkYThOR0NhTnpMSjUxTnFQczRSa0hGUkZiYjYtdGZ3VFk1cjg3a1hmRWxJVThKM3pLOHUzNlpmOF90LTZaT3ZhOUdoZHdsa1Flamd5UjRKZnUtOEtPT1RiQ0k2dkFfaHQ2by0yYzh5UGJuU1RmQWxiZDJ4NjBfRHdtTllsZ2RrSm82QWo1LTdJUVUyQWlYVnZkaG5hLThNWGJQMWZtcDg3R2tQaTVFSGEwOEh3NER4SWVxNA?oc=5\" target=\"_blank\" rel=\"nofollow noopener\">06h CNE recusa constrangimentos no voto antecipado em mobilidade<\/a>&nbsp;&nbsp;RTP<\/li>\n<li><a href=\"https:\/\/news.google.com\/rss\/articles\/CBMinAFBVV95cUxOYnhaMkkyemFtTWs1OGV4cndtNU40MGUyLXJDekV5bmlkZTdlaVNaUk9NdE9KR0FQaWx2a2lDTDZsU0ltSXlLaGVfRGQtb3hsaHdsX01ESmQzb25WT015S2tLYkI4c2g4dDBNV0FjS2xjVjFfY2RYeWRxSDk1eXRoOTNUN2xPQzBTTzBTVExJMzFYeEtCcEs0UFlwUXU?oc=5\" target=\"_blank\" rel=\"nofollow noopener\">Depress\u00e3o Kristin &#8211; Antena Livre de regresso \u00e0 normalidade no FM e Online<\/a>&nbsp;&nbsp;jornaldeabrantes.sapo.pt<\/li>\n<\/ol>\n","protected":false},"excerpt":{"rendered":"Na zona de Leiria h\u00e1 mais de 200 mil clientes sem energia. Prote\u00e7\u00e3o Civil pede geradores para a&hellip;\n","protected":false},"author":2,"featured_media":250355,"comment_status":"","ping_status":"","sticky":false,"template":"","format":"standard","meta":{"footnotes":""},"categories":[10],"tags":[27,28,46556,15,16,14,25,26,21,22,8532,12,13,19,20,32,23,24,4908,33,17,18,29,30,31],"class_list":{"0":"post-250354","1":"post","2":"type-post","3":"status-publish","4":"format-standard","5":"has-post-thumbnail","7":"category-portugal","8":"tag-breaking-news","9":"tag-breakingnews","10":"tag-depressao-kristin","11":"tag-featured-news","12":"tag-featurednews","13":"tag-headlines","14":"tag-latest-news","15":"tag-latestnews","16":"tag-main-news","17":"tag-mainnews","18":"tag-mau-tempo","19":"tag-news","20":"tag-noticias","21":"tag-noticias-principais","22":"tag-noticiasprincipais","23":"tag-portugal","24":"tag-principais-noticias","25":"tag-principaisnoticias","26":"tag-protecao-civil","27":"tag-pt","28":"tag-top-stories","29":"tag-topstories","30":"tag-ultimas","31":"tag-ultimas-noticias","32":"tag-ultimasnoticias"},"share_on_mastodon":{"url":"https:\/\/pubeurope.com\/@pt\/115984635624268940","error":""},"_links":{"self":[{"href":"https:\/\/www.europesays.com\/pt\/wp-json\/wp\/v2\/posts\/250354","targetHints":{"allow":["GET"]}}],"collection":[{"href":"https:\/\/www.europesays.com\/pt\/wp-json\/wp\/v2\/posts"}],"about":[{"href":"https:\/\/www.europesays.com\/pt\/wp-json\/wp\/v2\/types\/post"}],"author":[{"embeddable":true,"href":"https:\/\/www.europesays.com\/pt\/wp-json\/wp\/v2\/users\/2"}],"replies":[{"embeddable":true,"href":"https:\/\/www.europesays.com\/pt\/wp-json\/wp\/v2\/comments?post=250354"}],"version-history":[{"count":0,"href":"https:\/\/www.europesays.com\/pt\/wp-json\/wp\/v2\/posts\/250354\/revisions"}],"wp:featuredmedia":[{"embeddable":true,"href":"https:\/\/www.europesays.com\/pt\/wp-json\/wp\/v2\/media\/250355"}],"wp:attachment":[{"href":"https:\/\/www.europesays.com\/pt\/wp-json\/wp\/v2\/media?parent=250354"}],"wp:term":[{"taxonomy":"category","embeddable":true,"href":"https:\/\/www.europesays.com\/pt\/wp-json\/wp\/v2\/categories?post=250354"},{"taxonomy":"post_tag","embeddable":true,"href":"https:\/\/www.europesays.com\/pt\/wp-json\/wp\/v2\/tags?post=250354"}],"curies":[{"name":"wp","href":"https:\/\/api.w.org\/{rel}","templated":true}]}}