{"id":25036,"date":"2025-08-11T15:56:10","date_gmt":"2025-08-11T15:56:10","guid":{"rendered":"https:\/\/www.europesays.com\/pt\/25036\/"},"modified":"2025-08-11T15:56:10","modified_gmt":"2025-08-11T15:56:10","slug":"o-pele-palestiniano-que-levou-salah-a-questionar-a-uefa-observador","status":"publish","type":"post","link":"https:\/\/www.europesays.com\/pt\/25036\/","title":{"rendered":"O &#8220;Pel\u00e9 palestiniano&#8221; que levou Salah a questionar a UEFA \u2013 Observador"},"content":{"rendered":"<p>Foi uma simples publica\u00e7\u00e3o nas redes sociais, mas Mohamed Salah sabia que n\u00e3o precisava de mais para chegar ao mundo inteiro. Nos \u00faltimos dias, o avan\u00e7ado do Liverpool tornou-se protagonista ao <strong>questionar a UEFA sobre os contornos da morte de Suleiman Al-Obeid,<\/strong> conhecido como \u201cPel\u00e9 palestiniano\u201d \u2014 reuniu mais de um milh\u00e3o de likes, not\u00edcias em praticamente todo o lado e o apoio de figuras como Jeremy Corbyn e Gary Lineker.<\/p>\n<p>Tudo come\u00e7ou quando a Associa\u00e7\u00e3o Palestiniana de Futebol anunciou a morte de Suleiman Al-Obeid, <strong>internacional de 41 anos que ter\u00e1 sido v\u00edtima de um ataque israelita enquanto aguardava ajuda humanit\u00e1ria<\/strong> no sul da Faixa de Gaza. Pouco depois, tamb\u00e9m nas redes sociais, a UEFA limitou-se a partilhar uma fotografia do jogador, acrescentando a indica\u00e7\u00e3o de que era \u201cum talento que deu esperan\u00e7a a in\u00fameras crian\u00e7as, at\u00e9 no momento mais sombrio\u201d.<\/p>\n<blockquote class=\"twitter-tweet\" data-width=\"500\" data-dnt=\"true\">\n<p lang=\"en\" dir=\"ltr\">The former Palestine national team player, Suleiman Al-Obaid, was killed in an Israeli strike targeting civilians waiting for humanitarian aid in the southern Gaza Strip.<a href=\"https:\/\/t.co\/BWTmJThzeC\" rel=\"nofollow\">https:\/\/t.co\/BWTmJThzeC<\/a> <a href=\"https:\/\/t.co\/3qrIMksO2H\" rel=\"nofollow\">pic.twitter.com\/3qrIMksO2H<\/a><\/p>\n<p>\u2014 Palestine Football Association (@Palestine_fa) <a href=\"https:\/\/twitter.com\/Palestine_fa\/status\/1953029258361651652?ref_src=twsrc%5Etfw\" rel=\"nofollow noopener\" target=\"_blank\">August 6, 2025<\/a><\/p>\n<\/blockquote>\n<p>Em resposta, Mohamed Salah perguntou v\u00e1rias coisas \u00e0 UEFA: <strong>\u201cPodem dizer-nos como \u00e9 que ele morreu, onde e porqu\u00ea?\u201d,<\/strong> escreveu o avan\u00e7ado eg\u00edpcio, que tem sido uma das vozes mais prementes do futebol internacional a pedir um cessar-fogo no conflito, defendendo que a ajuda humanit\u00e1ria deve entrar em Gaza \u201cimediatamente\u201d e descrevendo a situa\u00e7\u00e3o como \u201cum massacre\u201d.<\/p>\n<p>Pelo meio, por\u00e9m, perdeu-se a hist\u00f3ria de Suleiman Al-Obeid. Nascido em mar\u00e7o de 1984 em Gaza, o avan\u00e7ado estreou-se na Premier League local em 2007 com o Khadamat Al-Shatea, mudando-se para o Markaz Shabab Al-Amari da Cisjord\u00e2nia dois anos depois.<strong> Foi campe\u00e3o em 2011 e, ao fim de quatro temporadas, voltou a Gaza:<\/strong> foi o melhor marcador do Campeonato em tr\u00eas \u00e9pocas consecutivas, entre 2016 e 2018, representando Gaza SC e novamente o Al-Shatea, do qual ainda era oficialmente membro do plantel em 2023 e quanto o conflito israelo-palestiniano reacendeu.<\/p>\n<p>Pai de cinco filhos, foi internacional pela Palestina em 24 ocasi\u00f5es, marcando dois golos, e foi capit\u00e3o tanto da sele\u00e7\u00e3o como de todos os clubes por que passou. Ao longo da carreira,<strong> marcou mais de 100 golos e conquistou a alcunha de \u201cPel\u00e9 palestiniano\u201d<\/strong> pela facilidade que tinha na finaliza\u00e7\u00e3o e a qualidade que demonstrava com a bola nos p\u00e9s. Em setembro de 2023, cerca de um m\u00eas antes do ataque do Hamas, disse numa entrevista que ainda n\u00e3o pensava em terminar a carreira, recordando que continuava a ser titular mesmo com mudan\u00e7as de treinador.<\/p>\n<blockquote class=\"twitter-tweet\" data-width=\"500\" data-dnt=\"true\">\n<p lang=\"en\" dir=\"ltr\">Can you tell us how he died, where, and why? <a href=\"https:\/\/t.co\/W7HCyVVtBE\" rel=\"nofollow\">https:\/\/t.co\/W7HCyVVtBE<\/a><\/p>\n<p>\u2014 Mohamed Salah (@MoSalah) <a href=\"https:\/\/twitter.com\/MoSalah\/status\/1954215423861240020?ref_src=twsrc%5Etfw\" rel=\"nofollow noopener\" target=\"_blank\">August 9, 2025<\/a><\/p>\n<\/blockquote>\n<p>Apesar de a UEFA n\u00e3o se ter pronunciado publicamente depois das cr\u00edticas de Salah, a Associa\u00e7\u00e3o Palestiniana de Futebol partilhou uma declara\u00e7\u00e3o enviada pessoalmente por Aleksander Ceferin. A\u00ed, o presidente da organiza\u00e7\u00e3o expressou condol\u00eancias pela morte de Suleiman Al-Obeid e <strong>vincou que \u201ca alegria, o talento e o orgulho podem florescer apesar do sofrimento\u201d,<\/strong> acrescentando que \u201co talento e a dedica\u00e7\u00e3o\u201d do jogador ao desporto \u201cderam \u00e0s crian\u00e7as de Gaza, e n\u00e3o s\u00f3, a esperan\u00e7a de um futuro melhor\u201d.<\/p>\n<p>De acordo com a Associa\u00e7\u00e3o Palestiniana de Futebol, 325 jogadores, dirigentes, \u00e1rbitros, treinadores e outros funcion\u00e1rios de clubes de futebol j\u00e1 morreram desde o in\u00edcio do conflito. 288 instala\u00e7\u00f5es desportivas j\u00e1 foram destru\u00eddas tanto na Faixa de Gaza como na Cisjord\u00e2nia. Depois de Moyin al-Maghribi e Mohammed Barakat, que morreram em janeiro e mar\u00e7o do ano passado, Suleiman al-Obeid \u00e9 <strong>o terceiro internacional pela Palestina a morrer durante ataques de Israel.<\/strong><\/p>\n<p>De recordar que, apesar de a Palestina ser um Estado observador n\u00e3o-membro da Assembleia-Geral da ONU, <strong>a sele\u00e7\u00e3o nacional palestiniana \u00e9 reconhecida pela FIFA desde 1998.<\/strong> A equipa disputou as \u00faltimas tr\u00eas Ta\u00e7as da \u00c1sia, assim como as \u00faltimas tr\u00eas Ta\u00e7as \u00c1rabes, mas nunca conseguiu qualificar-se para o Campeonato do Mundo.<\/p>\n<p>            <script async src=\"https:\/\/platform.twitter.com\/widgets.js\" charset=\"utf-8\"><\/script><\/p>\n","protected":false},"excerpt":{"rendered":"Foi uma simples publica\u00e7\u00e3o nas redes sociais, mas Mohamed Salah sabia que n\u00e3o precisava de mais para chegar&hellip;\n","protected":false},"author":2,"featured_media":25037,"comment_status":"","ping_status":"","sticky":false,"template":"","format":"standard","meta":{"footnotes":""},"categories":[87],"tags":[311,135,524,62,32,33,134],"class_list":{"0":"post-25036","1":"post","2":"type-post","3":"status-publish","4":"format-standard","5":"has-post-thumbnail","7":"category-desporto","8":"tag-conflito-israelo-palestiniano","9":"tag-desporto","10":"tag-futebol","11":"tag-mundo","12":"tag-portugal","13":"tag-pt","14":"tag-sports"},"share_on_mastodon":{"url":"","error":""},"_links":{"self":[{"href":"https:\/\/www.europesays.com\/pt\/wp-json\/wp\/v2\/posts\/25036","targetHints":{"allow":["GET"]}}],"collection":[{"href":"https:\/\/www.europesays.com\/pt\/wp-json\/wp\/v2\/posts"}],"about":[{"href":"https:\/\/www.europesays.com\/pt\/wp-json\/wp\/v2\/types\/post"}],"author":[{"embeddable":true,"href":"https:\/\/www.europesays.com\/pt\/wp-json\/wp\/v2\/users\/2"}],"replies":[{"embeddable":true,"href":"https:\/\/www.europesays.com\/pt\/wp-json\/wp\/v2\/comments?post=25036"}],"version-history":[{"count":0,"href":"https:\/\/www.europesays.com\/pt\/wp-json\/wp\/v2\/posts\/25036\/revisions"}],"wp:featuredmedia":[{"embeddable":true,"href":"https:\/\/www.europesays.com\/pt\/wp-json\/wp\/v2\/media\/25037"}],"wp:attachment":[{"href":"https:\/\/www.europesays.com\/pt\/wp-json\/wp\/v2\/media?parent=25036"}],"wp:term":[{"taxonomy":"category","embeddable":true,"href":"https:\/\/www.europesays.com\/pt\/wp-json\/wp\/v2\/categories?post=25036"},{"taxonomy":"post_tag","embeddable":true,"href":"https:\/\/www.europesays.com\/pt\/wp-json\/wp\/v2\/tags?post=25036"}],"curies":[{"name":"wp","href":"https:\/\/api.w.org\/{rel}","templated":true}]}}