{"id":250388,"date":"2026-01-30T15:24:15","date_gmt":"2026-01-30T15:24:15","guid":{"rendered":"https:\/\/www.europesays.com\/pt\/250388\/"},"modified":"2026-01-30T15:24:15","modified_gmt":"2026-01-30T15:24:15","slug":"mau-tempo-nao-da-treguas-chuva-e-vento-regressam-a-partir-de-domingo","status":"publish","type":"post","link":"https:\/\/www.europesays.com\/pt\/250388\/","title":{"rendered":"Mau tempo n\u00e3o d\u00e1 tr\u00e9guas: chuva e vento regressam a partir de domingo"},"content":{"rendered":"<p data-remotead-prev-elm=\"true\" data-remotead-elm-id=\"inread\">&#8220;N\u00e3o ser\u00e1 nada muito assustador, nem agressivo, no entanto, com precau\u00e7\u00f5es at\u00e9 porque estamos numa situa\u00e7\u00e3o em que h\u00e1 zonas muito fragilizadas com tudo o que aconteceu. (&#8230;). A chover novamente e com vento a adicionar ao que j\u00e1 aconteceu n\u00e3o vai facilitar a quem est\u00e1 a tentar resolver os problemas, os estragos&#8221;, disse \u00e0 Lusa a meteorologista do Instituto Portugu\u00eas do Mar e da Atmosfera (IPMA).<\/p>\n<p data-remotead-prev-elm=\"true\" data-remotead-elm-id=\"inread2\">Cristina Sim\u00f5es adiantou que para hoje ainda est\u00e1 prevista alguma chuva e que o s\u00e1bado ser\u00e1 um dia de acalmia, contudo no domingo a situa\u00e7\u00e3o vai mudar. &#8220;Vamos continuar com a passagem de algumas frentes que v\u00e3o trazer precipita\u00e7\u00e3o entre domingo e segunda-feira. No final do dia de domingo, a chuva ser\u00e1 mais intensa no norte e centro, mas nada t\u00e3o gravoso como tivemos&#8221;, disse.<\/p>\n<p>De acordo com Cristina Sim\u00f5es, para segunda-feira est\u00e1 tamb\u00e9m prevista queda de neve nos pontos mais altos da Serra da Estrela e vento um pouco mais intenso, n\u00e3o tendo sido emitidos avisos e a emitir ser\u00e3o amarelos.<\/p>\n<p>O agravamento no domingo tem a ver com uma superf\u00edcie frontal que vai trazer chuva, passando a aguaceiros e vento mais intenso \u00e0 passagem da frente. &#8220;S\u00e3o situa\u00e7\u00f5es t\u00edpicas de inverno. Numa situa\u00e7\u00e3o normal n\u00e3o seria nada preocupante, nem assustador, s\u00f3 ter aqueles cuidados normais de quando chove. No entanto, estamos a sair de uma situa\u00e7\u00e3o bastante grave em que estamos a tentar resolver problemas e tudo isto n\u00e3o ajuda&#8221;, disse.<\/p>\n<p data-remotead-prev-elm=\"true\" data-remotead-elm-id=\"centro1\">Na pr\u00f3xima semana, segundo Cristina Sim\u00f5es, vai continuar a passagem alternada de algumas superf\u00edcies frontais, apontando a previs\u00e3o para a continua\u00e7\u00e3o de chuva alternando com per\u00edodos de acalmia. &#8220;Toda a semana vamos ter estas passagens. O anticiclone est\u00e1 muito a sul e vai deixando passar todas estas perturba\u00e7\u00f5es do Atl\u00e2ntico, que conseguem atingir o continente&#8221;, adiantou.<\/p>\n<p>A passagem da depress\u00e3o Kristin por Portugal continental, na quarta-feira, deixou um rasto de destrui\u00e7\u00e3o, causando pelo menos cinco mortos, segundo a Prote\u00e7\u00e3o Civil, v\u00e1rios feridos e desalojados. A C\u00e2mara da Marinha Grande contabiliza ainda uma outra v\u00edtima mortal no concelho. Quedas de \u00e1rvores e de estruturas, corte ou o condicionamento de estradas e servi\u00e7os de transporte, em especial linhas ferrovi\u00e1rias, fecho de escolas e cortes de energia, \u00e1gua e comunica\u00e7\u00f5es foram as principais consequ\u00eancias materiais do temporal. Leiria, por onde a depress\u00e3o entrou no territ\u00f3rio, Coimbra e Santar\u00e9m s\u00e3o os distritos que registam mais estragos.<\/p>\n<p>O Governo decretou situa\u00e7\u00e3o de calamidade entre as 0 horas de quarta-feira at\u00e9 \u00e0s 23.59 horas de dia 1 de fevereiro para cerca de 60 munic\u00edpios, n\u00famero que pode aumentar.<\/p>\n","protected":false},"excerpt":{"rendered":"&#8220;N\u00e3o ser\u00e1 nada muito assustador, nem agressivo, no entanto, com precau\u00e7\u00f5es at\u00e9 porque estamos numa situa\u00e7\u00e3o em que&hellip;\n","protected":false},"author":2,"featured_media":250389,"comment_status":"","ping_status":"","sticky":false,"template":"","format":"standard","meta":{"footnotes":""},"categories":[10],"tags":[27,28,15,16,14,350,25,26,21,22,8532,619,12,13,19,20,32,23,24,33,17,18,29,30,31],"class_list":{"0":"post-250388","1":"post","2":"type-post","3":"status-publish","4":"format-standard","5":"has-post-thumbnail","7":"category-portugal","8":"tag-breaking-news","9":"tag-breakingnews","10":"tag-featured-news","11":"tag-featurednews","12":"tag-headlines","13":"tag-ipma","14":"tag-latest-news","15":"tag-latestnews","16":"tag-main-news","17":"tag-mainnews","18":"tag-mau-tempo","19":"tag-nacional","20":"tag-news","21":"tag-noticias","22":"tag-noticias-principais","23":"tag-noticiasprincipais","24":"tag-portugal","25":"tag-principais-noticias","26":"tag-principaisnoticias","27":"tag-pt","28":"tag-top-stories","29":"tag-topstories","30":"tag-ultimas","31":"tag-ultimas-noticias","32":"tag-ultimasnoticias"},"share_on_mastodon":{"url":"https:\/\/pubeurope.com\/@pt\/115984745363604368","error":""},"_links":{"self":[{"href":"https:\/\/www.europesays.com\/pt\/wp-json\/wp\/v2\/posts\/250388","targetHints":{"allow":["GET"]}}],"collection":[{"href":"https:\/\/www.europesays.com\/pt\/wp-json\/wp\/v2\/posts"}],"about":[{"href":"https:\/\/www.europesays.com\/pt\/wp-json\/wp\/v2\/types\/post"}],"author":[{"embeddable":true,"href":"https:\/\/www.europesays.com\/pt\/wp-json\/wp\/v2\/users\/2"}],"replies":[{"embeddable":true,"href":"https:\/\/www.europesays.com\/pt\/wp-json\/wp\/v2\/comments?post=250388"}],"version-history":[{"count":0,"href":"https:\/\/www.europesays.com\/pt\/wp-json\/wp\/v2\/posts\/250388\/revisions"}],"wp:featuredmedia":[{"embeddable":true,"href":"https:\/\/www.europesays.com\/pt\/wp-json\/wp\/v2\/media\/250389"}],"wp:attachment":[{"href":"https:\/\/www.europesays.com\/pt\/wp-json\/wp\/v2\/media?parent=250388"}],"wp:term":[{"taxonomy":"category","embeddable":true,"href":"https:\/\/www.europesays.com\/pt\/wp-json\/wp\/v2\/categories?post=250388"},{"taxonomy":"post_tag","embeddable":true,"href":"https:\/\/www.europesays.com\/pt\/wp-json\/wp\/v2\/tags?post=250388"}],"curies":[{"name":"wp","href":"https:\/\/api.w.org\/{rel}","templated":true}]}}