{"id":25042,"date":"2025-08-11T15:59:27","date_gmt":"2025-08-11T15:59:27","guid":{"rendered":"https:\/\/www.europesays.com\/pt\/25042\/"},"modified":"2025-08-11T15:59:27","modified_gmt":"2025-08-11T15:59:27","slug":"olhe-para-o-ceu-e-sorria-com-as-lagrimas-de-sao-lourenco-peca-um-desejo-as-perseidas-a-mais-aguardada-chuva-de-meteoros-do-ano","status":"publish","type":"post","link":"https:\/\/www.europesays.com\/pt\/25042\/","title":{"rendered":"Olhe para o c\u00e9u e sorria com as L\u00e1grimas de S\u00e3o Louren\u00e7o: pe\u00e7a um desejo \u00e0s Perseidas, a mais aguardada chuva de meteoros do ano"},"content":{"rendered":"<p>Todos os anos, entre 17 de julho e 24 de agosto, o cosmos oferece um espet\u00e1culo que se repete. \u00c9 a festa das <strong>Perseidas<\/strong>, a mais abundante <strong>chuva de meteoros<\/strong>, que semeia luz no c\u00e9u como um fogo de artif\u00edcio silencioso. L\u00e1grimas de luz rasgam a escurid\u00e3o a <strong>mais de 200 mil km\/h<\/strong>, r\u00e1pidas demais para que a mem\u00f3ria as prenda, lentas o suficiente para que o espanto as grave. O cl\u00edmax acontece na noite desta ter\u00e7a para quarta-feira: <strong>dezenas, por vezes uma centena, de \u201cestrelas cadentes\u201d v\u00e3o riscar o firmamento a cada hora<\/strong>. N\u00e3o s\u00e3o necess\u00e1rios bin\u00f3culos nem telesc\u00f3pios. Basta afastar-se da polui\u00e7\u00e3o luminosa, ter paci\u00eancia e treinar o olhar como quem afina um radar.<\/p>\n<p><a href=\"https:\/\/expresso.pt\/promo\/data\/content\/binaries\/custom\/expresso\/digital\/COGB6.html?returnUrl=https:\/\/expresso.pt\/sociedade\/ciencia\/2025-08-11-olhe-para-o-ceu-e-sorria-com-as-lagrimas-de-sao-lourenco-peca-um-desejo-as-perseidas-a-mais-aguardada-chuva-de-meteoros-do-ano-4986ce21&amp;utm_source=expresso&amp;utm_medium=locked_article&amp;locked=true&amp;article_id=fd17e4a3-7122-4a31-b873-62ec66575a34&amp;author_id=Andr\u00e9+Manuel+Correia&amp;category=Ci\u00eancia\" target=\"_self\" class=\"\" rel=\"nofollow noopener\">Subscrever<\/a>J\u00e1 \u00e9 Subscritor?Fa\u00e7a login e continue a ler<a href=\"http:\/\/expresso.pt\/codigo?redirectUrl=https:\/\/expresso.pt\/sociedade\/ciencia\/2025-08-11-olhe-para-o-ceu-e-sorria-com-as-lagrimas-de-sao-lourenco-peca-um-desejo-as-perseidas-a-mais-aguardada-chuva-de-meteoros-do-ano-4986ce21\" target=\"_self\" class=\"\" rel=\"nofollow noopener\">Inserir C\u00f3digo<\/a>Comprou o Expresso?Insira o c\u00f3digo presente na Revista E para continuar a ler<\/p>\n","protected":false},"excerpt":{"rendered":"Todos os anos, entre 17 de julho e 24 de agosto, o cosmos oferece um espet\u00e1culo que se&hellip;\n","protected":false},"author":2,"featured_media":25043,"comment_status":"","ping_status":"","sticky":false,"template":"","format":"standard","meta":{"footnotes":""},"categories":[84],"tags":[109,107,108,32,33,105,103,104,106,110],"class_list":{"0":"post-25042","1":"post","2":"type-post","3":"status-publish","4":"format-standard","5":"has-post-thumbnail","7":"category-ciencia-e-tecnologia","8":"tag-ciencia","9":"tag-ciencia-e-tecnologia","10":"tag-cienciaetecnologia","11":"tag-portugal","12":"tag-pt","13":"tag-science","14":"tag-science-and-technology","15":"tag-scienceandtechnology","16":"tag-technology","17":"tag-tecnologia"},"share_on_mastodon":{"url":"","error":""},"_links":{"self":[{"href":"https:\/\/www.europesays.com\/pt\/wp-json\/wp\/v2\/posts\/25042","targetHints":{"allow":["GET"]}}],"collection":[{"href":"https:\/\/www.europesays.com\/pt\/wp-json\/wp\/v2\/posts"}],"about":[{"href":"https:\/\/www.europesays.com\/pt\/wp-json\/wp\/v2\/types\/post"}],"author":[{"embeddable":true,"href":"https:\/\/www.europesays.com\/pt\/wp-json\/wp\/v2\/users\/2"}],"replies":[{"embeddable":true,"href":"https:\/\/www.europesays.com\/pt\/wp-json\/wp\/v2\/comments?post=25042"}],"version-history":[{"count":0,"href":"https:\/\/www.europesays.com\/pt\/wp-json\/wp\/v2\/posts\/25042\/revisions"}],"wp:featuredmedia":[{"embeddable":true,"href":"https:\/\/www.europesays.com\/pt\/wp-json\/wp\/v2\/media\/25043"}],"wp:attachment":[{"href":"https:\/\/www.europesays.com\/pt\/wp-json\/wp\/v2\/media?parent=25042"}],"wp:term":[{"taxonomy":"category","embeddable":true,"href":"https:\/\/www.europesays.com\/pt\/wp-json\/wp\/v2\/categories?post=25042"},{"taxonomy":"post_tag","embeddable":true,"href":"https:\/\/www.europesays.com\/pt\/wp-json\/wp\/v2\/tags?post=25042"}],"curies":[{"name":"wp","href":"https:\/\/api.w.org\/{rel}","templated":true}]}}