{"id":250535,"date":"2026-01-30T17:43:07","date_gmt":"2026-01-30T17:43:07","guid":{"rendered":"https:\/\/www.europesays.com\/pt\/250535\/"},"modified":"2026-01-30T17:43:07","modified_gmt":"2026-01-30T17:43:07","slug":"bosch-emprega-mais-de-6-000-em-portugal-e-avisa-europa-para-risco-altamente-alarmante-industria","status":"publish","type":"post","link":"https:\/\/www.europesays.com\/pt\/250535\/","title":{"rendered":"Bosch emprega mais de 6.000 em Portugal e avisa Europa para risco \u201caltamente alarmante\u201d &#8211; Ind\u00fastria"},"content":{"rendered":"<p class=\"\">&#13;<br \/>\n        <b>Pouco mais de um m\u00eas depois de ter anunciado uma vaga de 13 mil despedimentos, que ir\u00e1 afetar 87 trabalhadores em Portuga<\/b>l, onde tem duas f\u00e1bricas e ainda recentemente teve em \u201clay-off\u201d cerca de 2.500 dos seus mais de seis mil funcion\u00e1rios, a Bosch apresentou os resultados preliminares obtidos no ano passado, classificando 2025 como \u201cum ano financeiro extremamente desafiante\u201d.&#13;\n    <\/p>\n<p class=\"\">&#13;<br \/>\n        <b>\u201cA realidade econ\u00f3mica reflete-se nos nossos resultados \u2013 2025 foi um ano dif\u00edcil e, por vezes, doloroso para a Bosch\u201d<\/b>, afirma o presidente do grupo alem\u00e3o, Stefan Hartung, em comunicado. &#13;\n    <\/p>\n<p class=\"\">&#13;<br \/>\n        Segundo as contas agora reveladas, <b>as vendas da multinacional registaram um ligeiro aumento de 2%, para 91 mil milh\u00f5es de euros, com a margem EBIT a fixar-se em apenas 1,9% em 2025, \u201cabaixo das expetativas\u201d, contra 3,5% no ano anterior<\/b>.&#13;\n    <\/p>\n<p class=\"\">&#13;<br \/>\n        \u201cNum ambiente desfavor\u00e1vel, continuamos a trabalhar de forma sistem\u00e1tica na nossa estrat\u00e9gia de crescimento, que tamb\u00e9m nos exige refor\u00e7ar a nossa competitividade. Estamos agora a tra\u00e7ar o nosso rumo para o futuro\u201d, aponta o presidente da Bosch, sinalizando que o grupo \u201cplaneia continuar a beneficiar da sua presen\u00e7a global, da sua marca forte e da experi\u00eancia tecnol\u00f3gica\u201d. &#13;\n    <\/p>\n<p class=\"\">&#13;<br \/>\n        No entanto, antecipa uma concorr\u00eancia cada vez mais intensa num contexto econ\u00f3mico desfavor\u00e1vel, pelo que n\u00e3o prev\u00ea que a situa\u00e7\u00e3o se alivie no exerc\u00edcio financeiro em curso. &#13;\n    <\/p>\n<p class=\"\">&#13;<br \/>\n        <b>\u201c\u00c9 prov\u00e1vel que a press\u00e3o competitiva e tamb\u00e9m sobre os pre\u00e7os aumente ainda mais, e as tarifas acrescidas ter\u00e3o o seu impacto total pela primeira vez\u201d<\/b>, sinaliza Hartung.&#13;\n    <\/p>\n<p class=\"\">&#13;<br \/>\n        Entretanto, a Bosch espera registar progressos significativos com as medidas que implementou no \u00e2mbito da sua Estrat\u00e9gia 2030.&#13;\n    <\/p>\n<p class=\"\">&#13;<br \/>\n        \u201cCome\u00e7aremos a ver efeitos positivos na margem assim que melhorarmos a nossa situa\u00e7\u00e3o de custos e competitiva\u201d, afirma.&#13;\n    <\/p>\n<p class=\"\">&#13;<br \/>\n        \u00a0\u201cMas, <b>dado o contexto econ\u00f3mico fraco e o ambiente desfavor\u00e1vel, s\u00f3 alcan\u00e7aremos a nossa margem-alvo de 7% em 2027, no m\u00ednimo<\/b>\u201d, aponta.&#13;\n    <\/p>\n<p class=\"\">&#13;<br \/>\n        <b>Apela \u00e0 a\u00e7\u00e3o da Europa para \u201ca concorr\u00eancia atualmente claramente distorcida mais justa\u201d<\/b>&#13;\n    <\/p>\n<p class=\"\">&#13;<br \/>\n        Relativamente \u00e0 competitividade regional, <b>a Bosch acredita que a Europa tem um potencial enorme \u2013 \u201cdesde que os decisores pol\u00edticos e a sociedade consigam ultrapassar o ceticismo existente face ao progresso tecnol\u00f3gico\u201d<\/b>, defende.&#13;\n    <\/p>\n<p class=\"\">&#13;<br \/>\n        Hartung expressa preocupa\u00e7\u00e3o com os \u00faltimos resultados do Bosch Tech Compass, um inqu\u00e9rito que revela como as pessoas nos principais pa\u00edses industrializados percebem as novas tecnologias. &#13;\n    <\/p>\n<p class=\"\">&#13;<br \/>\n        Segundo o estudo, menos de <b>dois ter\u00e7os dos alem\u00e3es acreditam que o progresso tecnol\u00f3gico tem um impacto positivo, e em Fran\u00e7a os n\u00fameros s\u00e3o ainda mais baixos. \u201cIsto \u00e9 altamente alarmante<\/b>\u201d, considera Hartung, sustentando que \u201ca \u00fanica forma de um pa\u00eds ou de uma sociedade sobreviver na competi\u00e7\u00e3o global \u00e9 se houver pelo menos vontade suficiente para promover o progresso tecnol\u00f3gico\u201d.&#13;\n    <\/p>\n<p class=\"\">&#13;<br \/>\n        Para atingir este objetivo, \u201cempresas, sociedade e decisores pol\u00edticos precisam de envolver-se ativamente com novas \u00e1reas tecnol\u00f3gicas, como o hidrog\u00e9nio e a intelig\u00eancia artificial, com maior coragem e determina\u00e7\u00e3o\u201d, preconiza. &#13;\n    <\/p>\n<p class=\"\">&#13;<br \/>\n        Como uma das empresas mais inovadoras do mundo, a Bosch tem aqui um papel a desempenhar. \u201c\u00c9 uma das empresas que mais pedidos de patente apresenta na Europa, tendo registado mais de 2.000 pedidos de patente apenas na \u00e1rea da intelig\u00eancia artificial desde 2018\u201d, real\u00e7a o grupo germ\u00e2nico.&#13;\n    <\/p>\n<p class=\"\">&#13;<br \/>\n        No que se refere a pol\u00edticas protecionistas, <b>o presidente da Bosch identifica \u201ca necessidade de a\u00e7\u00e3o na Europa\u201d e apela aos legisladores para \u201ca introdu\u00e7\u00e3o de regras de conte\u00fado local direcionadas, o que poderia tornar a concorr\u00eancia atualmente claramente distorcida mais justa\u201d<\/b>.&#13;\n    <\/p>\n<p class=\"\">&#13;<br \/>\n        A 31 de dezembro passado, o grupo Bosch contava cerca de 412.400 trabalhadores, menos 5.400 do que um ano antes. &#13;\n    <\/p>\n<p class=\"\">&#13;<br \/>\n        (not\u00edcia atualizada \u00e0s 14:12)&#13;\n    <\/p>\n","protected":false},"excerpt":{"rendered":"&#13; Pouco mais de um m\u00eas depois de ter anunciado uma vaga de 13 mil despedimentos, que ir\u00e1&hellip;\n","protected":false},"author":2,"featured_media":250536,"comment_status":"","ping_status":"","sticky":false,"template":"","format":"standard","meta":{"footnotes":""},"categories":[83],"tags":[88,89,90,32,33],"class_list":{"0":"post-250535","1":"post","2":"type-post","3":"status-publish","4":"format-standard","5":"has-post-thumbnail","7":"category-empresas","8":"tag-business","9":"tag-economy","10":"tag-empresas","11":"tag-portugal","12":"tag-pt"},"share_on_mastodon":{"url":"https:\/\/pubeurope.com\/@pt\/115985293396203369","error":""},"_links":{"self":[{"href":"https:\/\/www.europesays.com\/pt\/wp-json\/wp\/v2\/posts\/250535","targetHints":{"allow":["GET"]}}],"collection":[{"href":"https:\/\/www.europesays.com\/pt\/wp-json\/wp\/v2\/posts"}],"about":[{"href":"https:\/\/www.europesays.com\/pt\/wp-json\/wp\/v2\/types\/post"}],"author":[{"embeddable":true,"href":"https:\/\/www.europesays.com\/pt\/wp-json\/wp\/v2\/users\/2"}],"replies":[{"embeddable":true,"href":"https:\/\/www.europesays.com\/pt\/wp-json\/wp\/v2\/comments?post=250535"}],"version-history":[{"count":0,"href":"https:\/\/www.europesays.com\/pt\/wp-json\/wp\/v2\/posts\/250535\/revisions"}],"wp:featuredmedia":[{"embeddable":true,"href":"https:\/\/www.europesays.com\/pt\/wp-json\/wp\/v2\/media\/250536"}],"wp:attachment":[{"href":"https:\/\/www.europesays.com\/pt\/wp-json\/wp\/v2\/media?parent=250535"}],"wp:term":[{"taxonomy":"category","embeddable":true,"href":"https:\/\/www.europesays.com\/pt\/wp-json\/wp\/v2\/categories?post=250535"},{"taxonomy":"post_tag","embeddable":true,"href":"https:\/\/www.europesays.com\/pt\/wp-json\/wp\/v2\/tags?post=250535"}],"curies":[{"name":"wp","href":"https:\/\/api.w.org\/{rel}","templated":true}]}}