{"id":250537,"date":"2026-01-30T17:44:16","date_gmt":"2026-01-30T17:44:16","guid":{"rendered":"https:\/\/www.europesays.com\/pt\/250537\/"},"modified":"2026-01-30T17:44:16","modified_gmt":"2026-01-30T17:44:16","slug":"este-papa-nao-papa-grupos-muito-menos-o-que-governa-o-seu-pais-pode-sair-lhes-caro","status":"publish","type":"post","link":"https:\/\/www.europesays.com\/pt\/250537\/","title":{"rendered":"Este Papa n\u00e3o papa grupos, muito menos o que governa o seu pa\u00eds. Pode sair-lhes caro"},"content":{"rendered":"<p class=\"wp-caption-text top\">ZAP \/\/MAZUR Catholic Church (England and Wales)\/\/GRAEME SLOAN ; POOL\/EPA<\/p>\n<p><img decoding=\"async\" loading=\"lazy\" class=\"wp-image-724695 size-kopa-image-size-3\" src=\"https:\/\/www.europesays.com\/pt\/wp-content\/uploads\/2026\/01\/12c59124d72dca235ca38f828ba3362c-783x450.jpg\" alt=\"\" width=\"700\" height=\"402\"  \/><\/p>\n<p><strong>Quem achava que um papa norte-americano ia favorecer Trump estava enganado. Rutura total com a Casa Branca poderia afastar milh\u00f5es de cat\u00f3licos brancos da Igreja \u2014 mas Trump n\u00e3o se pode esquecer os cat\u00f3licos hisp\u00e2nicos.<\/strong><\/p>\n<p>O afastamento entre a Casa Branca e o Vaticano parecia estar destinado a partir do momento em que se soube que o sucessor do Papa Francisco, Le\u00e3o XIV, era <a href=\"https:\/\/zap.aeiou.pt\/leao-xiv-e-um-critico-da-administracao-trump-676671\" data-wpel-link=\"internal\" rel=\"nofollow noopener\" target=\"_blank\">cr\u00edtico<\/a> da administra\u00e7\u00e3o Trump, mas a rela\u00e7\u00e3o j\u00e1 n\u00e3o \u00e9 s\u00f3 uma diverg\u00eancia pol\u00edtica.<\/p>\n<p>Desde que assumiu a lideran\u00e7a da Igreja Cat\u00f3lica, em maio, o Papa norte-americano Le\u00e3o XIV, primeiro pont\u00edfice nascido nos Estados Unidos, tem vindo a intensificar essas cr\u00edticas, em mat\u00e9rias como imigra\u00e7\u00e3o, pol\u00edtica externa e altera\u00e7\u00f5es clim\u00e1ticas.<\/p>\n<p>Embora essas posi\u00e7\u00f5es n\u00e3o tenham at\u00e9 ent\u00e3o levado a mudan\u00e7as vis\u00edveis na linha da Casa Branca, o confronto est\u00e1 a ter implica\u00e7\u00f5es internas na comunidade cat\u00f3lica dos EUA, aponta o <a href=\"https:\/\/www.politico.com\/newsletters\/forecast\/2026\/01\/26\/the-wedge-between-the-white-house-and-the-vatican-00747154\" data-wpel-link=\"external\" rel=\"noopener nofollow\" class=\"ext-link\" target=\"_blank\">Politico<\/a>.<\/p>\n<p>O hist\u00f3rico de desacordo entre papas e presidentes norte-americanos n\u00e3o \u00e9 novo. A doutrina social da Igreja n\u00e3o coincide \u00e0 partida com nenhum dos grandes partidos, o que ao longo dos anos levou a cr\u00edticas dirigidas tanto a republicanos como a democratas.<\/p>\n<p>No in\u00edcio, temeu-se que Le\u00e3o XIV, por ser norte-americano, tenderia a alinhar, ou pelo menos a aproximar-se, da pol\u00edtica de Washington, mas o sumo pont\u00edfice tem provado o contr\u00e1rio: desmente JD Vance, critica constantemente a pol\u00edtica de imigra\u00e7\u00e3o de Trump, saindo em defesa dos refugiados, atacou desde cedo criticou o capitalismo selvagem, <a href=\"https:\/\/zap.aeiou.pt\/venezuela-o-que-diz-o-papa-leao-720611\" data-wpel-link=\"internal\" rel=\"nofollow noopener\" target=\"_blank\">saiu<\/a> em defesa dos venezuelanos e do Estado de direito\u2026 ah, e <a href=\"https:\/\/zap.aeiou.pt\/o-papa-leao-xiv-gosta-de-futebol-do-nosso-677235\" data-wpel-link=\"internal\" rel=\"nofollow noopener\" target=\"_blank\">gosta de futebol<\/a>. O \u201cverdadeiro\u201d, n\u00e3o o americano.<\/p>\n<p>Est\u00e1 a abrir-se uma<strong> fratura no seio do catolicismo norte-americano<\/strong> \u2014 onde a lealdade a Trump se revela forte, mas desigual entre grupos, aponta ainda o jornal especializado em pol\u00edtica europeia.<\/p>\n<p>Nas elei\u00e7\u00f5es de 2024, <strong>Trump ter\u00e1 obtido 59% do voto cat\u00f3lico<\/strong>, um resultado elevado que, no entanto, esconde uma divis\u00e3o. O apoio ao Presidente concentra-se sobretudo entre cat\u00f3licos brancos. <strong>J\u00e1 entre cat\u00f3licos hisp\u00e2nicos, o padr\u00e3o foi inverso<\/strong>: Kamala Harris venceu esse eleitorado por 58% contra 41%. E s\u00e3o os cat\u00f3licos hisp\u00e2nicos o segmento que mais cresce na Igreja nos EUA.<\/p>\n<p>A <strong>imigra\u00e7\u00e3o<\/strong> \u00e9 o principal ponto de fric\u00e7\u00e3o. Um inqu\u00e9rito realizado em novembro pelo canal cat\u00f3lico EWTN e pelo Real Clear Politics, antes de uma rara mensagem especial dos bispos sobre o tema, revela um <strong>pa\u00eds cat\u00f3lico dividido<\/strong>. Entre cat\u00f3licos brancos, 60% apoiam deporta\u00e7\u00f5es em larga escala e 26% op\u00f5em-se. Entre cat\u00f3licos latinos, 41% apoiam e 39% op\u00f5em-se. Os dados sugerem ainda que a divis\u00e3o pode variar consoante o grau de pr\u00e1tica religiosa.<\/p>\n<p>Do lado da administra\u00e7\u00e3o, a resposta tem sido dura e <a href=\"https:\/\/zap.aeiou.pt\/alex-pretti-ice-casa-branca-mente-724195\" data-wpel-link=\"internal\" rel=\"nofollow noopener\" target=\"_blank\">mortal<\/a>, at\u00e9 para cidad\u00e3os norte-americanos. Altos respons\u00e1veis acusaram a Igreja de reinstalar imigrantes ilegais e de estar preocupada com os seus resultados financeiros, ignorando cr\u00edticas e recomendando que o Vaticano se concentre em assuntos estritamente eclesiais.<\/p>\n<p><strong> Uma rutura total com a Casa Branca poderia afastar milh\u00f5es de cat\u00f3licos brancos<\/strong> e, por arrasto, fragilizar redes de doadores conservadores com liga\u00e7\u00f5es ao universo pol\u00edtico de Trump, prev\u00ea o Politico.<\/p>\n<p>Apesar de tudo, os dois lados parecem fazer esfor\u00e7os, atrav\u00e9s de outros canais, por manter a rela\u00e7\u00e3o sustent\u00e1vel. Algumas figuras do campo cat\u00f3lico conservador j\u00e1 t\u00eam mostrado aproxima\u00e7\u00e3o \u00e0 administra\u00e7\u00e3o.<\/p>\n<p>Um exemplo \u00e9 o antigo bispo <strong>Joseph Strickland<\/strong>, afastado por Francisco por reiterada insubordina\u00e7\u00e3o, que participou numa cerim\u00f3nia de homenagem ao \u201cczar da fronteira\u201d <a href=\"https:\/\/zap.aeiou.pt\/trump-ja-tem-um-czar-das-fronteiras-chama-se-tom-homan-639690\" data-wpel-link=\"internal\" rel=\"nofollow noopener\" target=\"_blank\">Tom Homan<\/a>, louvando o seu papel no combate ao tr\u00e1fico humano e na \u201crestaura\u00e7\u00e3o da lei e da ordem\u201d.<\/p>\n<p>Apesar de Le\u00e3o XIV e Trump n\u00e3o terem rela\u00e7\u00e3o pessoal e de um encontro em 2026 parecer improv\u00e1vel, <strong>h\u00e1 atividade diplom\u00e1tica entre Washington e Roma<\/strong>. O secret\u00e1rio de Estado Marco Rubio ter\u00e1 falado por telefone com duas altas figuras do Vaticano, o n\u00fancio apost\u00f3lico nos EUA, cardeal Christophe Pierre, e o secret\u00e1rio de Estado do Vaticano, cardeal Pietro Parolin, desde o in\u00edcio do ano. Pierre, por sua vez, regressou a Roma e encontrou-se pessoalmente com o Papa. E o arcebispo de Oklahoma City, Paul Coakley, presidente da Confer\u00eancia Episcopal dos EUA, reuniu-se na Casa Branca com Trump e com o vice-presidente JD Vance.<\/p>\n<p>    <a href=\"https:\/\/zap.aeiou.pt\/subscrever-newsletter\" data-wpel-link=\"internal\" rel=\"nofollow noopener\" target=\"_blank\">&#13;<br \/>\n        <img loading=\"lazy\" decoding=\"async\" class=\"aligncenter size-full wp-image-575475\" src=\"https:\/\/www.europesays.com\/pt\/wp-content\/uploads\/2026\/01\/2d51fe4a0ba54894421ead1809309ed9-1-450x140.jpg\" alt=\"Subscreva a Newsletter ZAP\" width=\"450\" height=\"140\"\/>&#13;<br \/>\n    <\/a><\/p>\n<p>                <a href=\"https:\/\/whatsapp.com\/channel\/0029VaIC4EE2f3EJZPPSbR34\" data-wpel-link=\"external\" rel=\"noopener nofollow\" class=\"ext-link\" target=\"_blank\">&#13;<br \/>\n                    <img loading=\"lazy\" decoding=\"async\" class=\"aligncenter size-full wp-image-575475\" src=\"https:\/\/www.europesays.com\/pt\/wp-content\/uploads\/2026\/01\/c68c559d956d4ca20f435ed74a6e71e6.png\" alt=\"Siga-nos no WhatsApp\" width=\"175\" height=\"64\"\/>&#13;<br \/>\n                <\/a><\/p>\n<p>                <a href=\"https:\/\/news.google.com\/publications\/CAAiEHRwZondIV71PDjWNoqMduEqFAgKIhB0cGaJ3SFe9Tw41jaKjHbh?hl=en-US&amp;gl=US&amp;ceid=US%3Aen\" data-wpel-link=\"external\" rel=\"noopener nofollow\" class=\"ext-link\" target=\"_blank\">&#13;<br \/>\n                    <img loading=\"lazy\" decoding=\"async\" class=\"aligncenter size-full wp-image-575475\" src=\"https:\/\/www.europesays.com\/pt\/wp-content\/uploads\/2026\/01\/5123dd8b087b644fdb8f8603acd1bad4.png\" alt=\"Siga-nos no Google News\" width=\"176\" height=\"64\"\/>&#13;<br \/>\n                <\/a><\/p>\n","protected":false},"excerpt":{"rendered":"ZAP \/\/MAZUR Catholic Church (England and Wales)\/\/GRAEME SLOAN ; POOL\/EPA Quem achava que um papa norte-americano ia favorecer&hellip;\n","protected":false},"author":2,"featured_media":250538,"comment_status":"","ping_status":"","sticky":false,"template":"","format":"standard","meta":{"footnotes":""},"categories":[50],"tags":[27,28,637,92,413,15,16,14,10352,545,1481,25,26,21,22,62,12,13,19,20,811,4007,23,24,4516,17,18,29,30,31,63,64,65],"class_list":{"0":"post-250537","1":"post","2":"type-post","3":"status-publish","4":"format-standard","5":"has-post-thumbnail","7":"category-mundo","8":"tag-breaking-news","9":"tag-breakingnews","10":"tag-diplomacia","11":"tag-donald-trump","12":"tag-eua","13":"tag-featured-news","14":"tag-featurednews","15":"tag-headlines","16":"tag-igreja","17":"tag-igreja-catolica","18":"tag-imigracao","19":"tag-latest-news","20":"tag-latestnews","21":"tag-main-news","22":"tag-mainnews","23":"tag-mundo","24":"tag-news","25":"tag-noticias","26":"tag-noticias-principais","27":"tag-noticiasprincipais","28":"tag-papa-leao-xiv","29":"tag-politica-internacional","30":"tag-principais-noticias","31":"tag-principaisnoticias","32":"tag-religiao","33":"tag-top-stories","34":"tag-topstories","35":"tag-ultimas","36":"tag-ultimas-noticias","37":"tag-ultimasnoticias","38":"tag-world","39":"tag-world-news","40":"tag-worldnews"},"share_on_mastodon":{"url":"","error":"Validation failed: Text character limit of 500 exceeded"},"_links":{"self":[{"href":"https:\/\/www.europesays.com\/pt\/wp-json\/wp\/v2\/posts\/250537","targetHints":{"allow":["GET"]}}],"collection":[{"href":"https:\/\/www.europesays.com\/pt\/wp-json\/wp\/v2\/posts"}],"about":[{"href":"https:\/\/www.europesays.com\/pt\/wp-json\/wp\/v2\/types\/post"}],"author":[{"embeddable":true,"href":"https:\/\/www.europesays.com\/pt\/wp-json\/wp\/v2\/users\/2"}],"replies":[{"embeddable":true,"href":"https:\/\/www.europesays.com\/pt\/wp-json\/wp\/v2\/comments?post=250537"}],"version-history":[{"count":0,"href":"https:\/\/www.europesays.com\/pt\/wp-json\/wp\/v2\/posts\/250537\/revisions"}],"wp:featuredmedia":[{"embeddable":true,"href":"https:\/\/www.europesays.com\/pt\/wp-json\/wp\/v2\/media\/250538"}],"wp:attachment":[{"href":"https:\/\/www.europesays.com\/pt\/wp-json\/wp\/v2\/media?parent=250537"}],"wp:term":[{"taxonomy":"category","embeddable":true,"href":"https:\/\/www.europesays.com\/pt\/wp-json\/wp\/v2\/categories?post=250537"},{"taxonomy":"post_tag","embeddable":true,"href":"https:\/\/www.europesays.com\/pt\/wp-json\/wp\/v2\/tags?post=250537"}],"curies":[{"name":"wp","href":"https:\/\/api.w.org\/{rel}","templated":true}]}}