{"id":250539,"date":"2026-01-30T17:45:48","date_gmt":"2026-01-30T17:45:48","guid":{"rendered":"https:\/\/www.europesays.com\/pt\/250539\/"},"modified":"2026-01-30T17:45:48","modified_gmt":"2026-01-30T17:45:48","slug":"equipa-da-policia-judiciaria-conclui-que-banqueiro-pedro-ferraz-cometeu-suicidio","status":"publish","type":"post","link":"https:\/\/www.europesays.com\/pt\/250539\/","title":{"rendered":"Equipa da Pol\u00edcia Judici\u00e1ria conclui que banqueiro Pedro Ferraz cometeu suic\u00eddio"},"content":{"rendered":"<p>&#13;<br \/>\nA declara\u00e7\u00e3o foi feita esta tarde de sexta-feira numa confer\u00eancia na capital mo\u00e7ambicana com a dire\u00e7\u00e3o do servi\u00e7o de investiga\u00e7\u00e3o criminal mo\u00e7ambicana e elementos da Pol\u00edcia Judici\u00e1ria portuguesa.&#13;\n<\/p>\n<p><b>Pedro Ferraz, administrador do banco BCI, subsidi\u00e1ria em Mo\u00e7ambique do grupo portugu\u00eas Caixa Geral de Dep\u00f3sitos (CGD) e do tamb\u00e9m portugu\u00eas BPI, suicidou-se numa casa de banho p\u00fablica do Polana Serena Hotel, em Maputo, no dia 19 de janeiro.<\/b><\/p>\n<p>Esta morte chocou a comunidade portuguesa e mo\u00e7ambicana e foi seguida de uma coopera\u00e7\u00e3o na investiga\u00e7\u00e3o entre Portugal e Mo\u00e7ambique.<\/p>\n<p>Na segunda-feira, chegou a Mo\u00e7ambique uma equipa portuguesa composta por elementos da Pol\u00edcia Judici\u00e1ria e do Instituto Nacional de Medicina Legal e Ci\u00eancias Forenses, enviada pelo Governo portugu\u00eas.<\/p>\n<p>Hoje, numa confer\u00eancia de imprensa conjunta da PJ portuguesa e do Servi\u00e7o Nacional de Investiga\u00e7\u00e3o Criminal (Sernic) mo\u00e7ambicano, em Maputo, a hip\u00f3tese j\u00e1 anteriormente avan\u00e7ada de suic\u00eddio foi confirmada.<\/p>\n<p><b>Santos Martins, inspetor chefe da PJ portuguesa, reconheceu que, num primeiro momento, e dada &#8220;a quantidade e vest\u00edgios detetados, bem como o grau de viol\u00eancia desta morte&#8221;, foram suscitadas d\u00favidas quanto \u00e0 sua causa.<\/b><\/p>\n<p>&#8220;Ap\u00f3s a realiza\u00e7\u00e3o da inspe\u00e7\u00e3o ao local da ocorr\u00eancia e de m\u00faltiplas dilig\u00eancias, as conclus\u00f5es preliminares do Servi\u00e7o Nacional de Investiga\u00e7\u00e3o Criminal (SERNIC) sobre a averigua\u00e7\u00e3o da causa de morte, apontavam para a possibilidade de estar perante um quadro de suic\u00eddio ou seja, n\u00e3o existindo a interven\u00e7\u00e3o de terceiros na morte de Pedro Ferraz Reis&#8221;, disse.<\/p>\n<p>Ap\u00f3s a decis\u00e3o de um trabalho conjunto envolvendo equipas multidisciplinares de Portugal e Mo\u00e7ambique, este &#8220;permitiu reunir, consolidar, fixar e sistematizar os elementos de prova, conferindo-lhes toda a coer\u00eancia relativamente aos acontecimentos&#8221;, cujas conclus\u00f5es foram hoje apresentadas.&#13;\n<\/p>\n<p>&#13;<br \/>\nc\/ Lusa&#13;<\/p>\n","protected":false},"excerpt":{"rendered":"&#13; A declara\u00e7\u00e3o foi feita esta tarde de sexta-feira numa confer\u00eancia na capital mo\u00e7ambicana com a dire\u00e7\u00e3o do&hellip;\n","protected":false},"author":2,"featured_media":250540,"comment_status":"","ping_status":"","sticky":false,"template":"","format":"standard","meta":{"footnotes":""},"categories":[10],"tags":[27,28,15,16,14,25,26,21,22,12,13,19,20,32,23,24,33,420,421,17,18,29,30,31],"class_list":{"0":"post-250539","1":"post","2":"type-post","3":"status-publish","4":"format-standard","5":"has-post-thumbnail","7":"category-portugal","8":"tag-breaking-news","9":"tag-breakingnews","10":"tag-featured-news","11":"tag-featurednews","12":"tag-headlines","13":"tag-latest-news","14":"tag-latestnews","15":"tag-main-news","16":"tag-mainnews","17":"tag-news","18":"tag-noticias","19":"tag-noticias-principais","20":"tag-noticiasprincipais","21":"tag-portugal","22":"tag-principais-noticias","23":"tag-principaisnoticias","24":"tag-pt","25":"tag-rtp","26":"tag-rtp-noticias","27":"tag-top-stories","28":"tag-topstories","29":"tag-ultimas","30":"tag-ultimas-noticias","31":"tag-ultimasnoticias"},"share_on_mastodon":{"url":"https:\/\/pubeurope.com\/@pt\/115985303981743929","error":""},"_links":{"self":[{"href":"https:\/\/www.europesays.com\/pt\/wp-json\/wp\/v2\/posts\/250539","targetHints":{"allow":["GET"]}}],"collection":[{"href":"https:\/\/www.europesays.com\/pt\/wp-json\/wp\/v2\/posts"}],"about":[{"href":"https:\/\/www.europesays.com\/pt\/wp-json\/wp\/v2\/types\/post"}],"author":[{"embeddable":true,"href":"https:\/\/www.europesays.com\/pt\/wp-json\/wp\/v2\/users\/2"}],"replies":[{"embeddable":true,"href":"https:\/\/www.europesays.com\/pt\/wp-json\/wp\/v2\/comments?post=250539"}],"version-history":[{"count":0,"href":"https:\/\/www.europesays.com\/pt\/wp-json\/wp\/v2\/posts\/250539\/revisions"}],"wp:featuredmedia":[{"embeddable":true,"href":"https:\/\/www.europesays.com\/pt\/wp-json\/wp\/v2\/media\/250540"}],"wp:attachment":[{"href":"https:\/\/www.europesays.com\/pt\/wp-json\/wp\/v2\/media?parent=250539"}],"wp:term":[{"taxonomy":"category","embeddable":true,"href":"https:\/\/www.europesays.com\/pt\/wp-json\/wp\/v2\/categories?post=250539"},{"taxonomy":"post_tag","embeddable":true,"href":"https:\/\/www.europesays.com\/pt\/wp-json\/wp\/v2\/tags?post=250539"}],"curies":[{"name":"wp","href":"https:\/\/api.w.org\/{rel}","templated":true}]}}