{"id":250541,"date":"2026-01-30T17:46:19","date_gmt":"2026-01-30T17:46:19","guid":{"rendered":"https:\/\/www.europesays.com\/pt\/250541\/"},"modified":"2026-01-30T17:46:19","modified_gmt":"2026-01-30T17:46:19","slug":"depois-da-tempestade-veio-ventura-a-campanha-e-os-ataques-ao-governo","status":"publish","type":"post","link":"https:\/\/www.europesays.com\/pt\/250541\/","title":{"rendered":"Depois da tempestade, veio Ventura, a campanha e os ataques ao Governo"},"content":{"rendered":"<p>Num dia em que a campanha ficou inevitavelmente marcada pelo <a href=\"https:\/\/expresso.pt\/sociedade\/meteorologia\/2026-01-29-video-isto-parece-uma-bomba-de-destruicao-macica.-adn-de-uma-depressao-que-empurrou-portugal-para-dias-sem-agua-sem-luz-e-sem-comunicacoes-cde6e909?utm_source=expresso&amp;utm_medium=category&amp;utm_campaign=WEB&amp;utm_content=\/sociedade\/meteorologia\/2026-01-29-video-isto-parece-uma-bomba-de-destruicao-macica.-adn-de-uma-depressao-que-empurrou-portugal-para-dias-sem-agua-sem-luz-e-sem-comunicacoes-cde6e909\" target=\"_blank\" rel=\"nofollow noopener\">impacto da tempestade Kristin<\/a>, a passagem de Andr\u00e9 Ventura pelo centro de Leiria foi curta, mas n\u00e3o sem incidentes. O candidato presidencial foi para \u201cmostrar ao pa\u00eds lideran\u00e7a e proximidade\u201d, assistir \u00e0 remo\u00e7\u00e3o de destro\u00e7os na cidade e aproveitou para cumprimentar transeuntes e tirar as costumeiras \u2018selfies\u2019, mas n\u00e3o escapou de alguns gritos de protestos de cidad\u00e3os que o acusaram de \u201cquerer aparecer\u201d e de <strong>\u201caproveitamento\u201d da cat\u00e1strofe<\/strong>.<\/p>\n<p><a href=\"https:\/\/expresso.pt\/subscrever?action=GEN&amp;channel=BAF&amp;type=CAP&amp;source=WEB&amp;returnUrl=https:\/\/expresso.pt\/politica\/eleicoes\/presidenciais-2026\/2026-01-29-depois-da-tempestade-veio-ventura-a-campanha-e-os-ataques-ao-governo-3f91f55c&amp;utm_source=expresso&amp;utm_medium=locked_article&amp;locked=true&amp;article_id=e0aa14f8-b7e6-4eec-aeb5-105c1bce5a62&amp;author_id=H\u00e9lio+Carvalho,Ana+Bai\u00e3o&amp;category=Presidenciais+2026\" target=\"_self\" class=\"\" rel=\"nofollow noopener\">Subscrever<\/a>J\u00e1 \u00e9 Subscritor?Fa\u00e7a login e continue a ler<a href=\"http:\/\/expresso.pt\/codigo?redirectUrl=https:\/\/expresso.pt\/politica\/eleicoes\/presidenciais-2026\/2026-01-29-depois-da-tempestade-veio-ventura-a-campanha-e-os-ataques-ao-governo-3f91f55c\" target=\"_self\" class=\"\" rel=\"nofollow noopener\">Inserir C\u00f3digo<\/a>Comprou o Expresso?Insira o c\u00f3digo presente na Revista E para continuar a ler<\/p>\n","protected":false},"excerpt":{"rendered":"Num dia em que a campanha ficou inevitavelmente marcada pelo impacto da tempestade Kristin, a passagem de Andr\u00e9&hellip;\n","protected":false},"author":2,"featured_media":250542,"comment_status":"","ping_status":"","sticky":false,"template":"","format":"standard","meta":{"footnotes":""},"categories":[8],"tags":[27,28,15,16,14,25,26,21,22,12,13,19,20,32,23,24,33,17,18,29,30,31],"class_list":{"0":"post-250541","1":"post","2":"type-post","3":"status-publish","4":"format-standard","5":"has-post-thumbnail","7":"category-principais-noticias","8":"tag-breaking-news","9":"tag-breakingnews","10":"tag-featured-news","11":"tag-featurednews","12":"tag-headlines","13":"tag-latest-news","14":"tag-latestnews","15":"tag-main-news","16":"tag-mainnews","17":"tag-news","18":"tag-noticias","19":"tag-noticias-principais","20":"tag-noticiasprincipais","21":"tag-portugal","22":"tag-principais-noticias","23":"tag-principaisnoticias","24":"tag-pt","25":"tag-top-stories","26":"tag-topstories","27":"tag-ultimas","28":"tag-ultimas-noticias","29":"tag-ultimasnoticias"},"share_on_mastodon":{"url":"https:\/\/pubeurope.com\/@pt\/115985304086478941","error":""},"_links":{"self":[{"href":"https:\/\/www.europesays.com\/pt\/wp-json\/wp\/v2\/posts\/250541","targetHints":{"allow":["GET"]}}],"collection":[{"href":"https:\/\/www.europesays.com\/pt\/wp-json\/wp\/v2\/posts"}],"about":[{"href":"https:\/\/www.europesays.com\/pt\/wp-json\/wp\/v2\/types\/post"}],"author":[{"embeddable":true,"href":"https:\/\/www.europesays.com\/pt\/wp-json\/wp\/v2\/users\/2"}],"replies":[{"embeddable":true,"href":"https:\/\/www.europesays.com\/pt\/wp-json\/wp\/v2\/comments?post=250541"}],"version-history":[{"count":0,"href":"https:\/\/www.europesays.com\/pt\/wp-json\/wp\/v2\/posts\/250541\/revisions"}],"wp:featuredmedia":[{"embeddable":true,"href":"https:\/\/www.europesays.com\/pt\/wp-json\/wp\/v2\/media\/250542"}],"wp:attachment":[{"href":"https:\/\/www.europesays.com\/pt\/wp-json\/wp\/v2\/media?parent=250541"}],"wp:term":[{"taxonomy":"category","embeddable":true,"href":"https:\/\/www.europesays.com\/pt\/wp-json\/wp\/v2\/categories?post=250541"},{"taxonomy":"post_tag","embeddable":true,"href":"https:\/\/www.europesays.com\/pt\/wp-json\/wp\/v2\/tags?post=250541"}],"curies":[{"name":"wp","href":"https:\/\/api.w.org\/{rel}","templated":true}]}}