{"id":25055,"date":"2025-08-11T16:07:14","date_gmt":"2025-08-11T16:07:14","guid":{"rendered":"https:\/\/www.europesays.com\/pt\/25055\/"},"modified":"2025-08-11T16:07:14","modified_gmt":"2025-08-11T16:07:14","slug":"jessica-pronuncia-se-sobre-namoro-do-ex-com-catarina-miranda-casem-se-e-big-brother","status":"publish","type":"post","link":"https:\/\/www.europesays.com\/pt\/25055\/","title":{"rendered":"J\u00e9ssica pronuncia-se sobre namoro do ex com Catarina Miranda: \u00abCasem-se e&#8230;\u00bb &#8211; Big Brother"},"content":{"rendered":"<p>Ap\u00f3s a gala do Big Brother Ver\u00e3o, vive-se uma cadeira quente bem intensa. Catarina Miranda e J\u00e9ssica Vieira protagonizam um bate bica por causa de Afonso Leit\u00e3o. J\u00e9ssica tem uma palavra a dizer sobre o namoro do se ex-namorado com Catarina Miranda e faz quest\u00e3o de a dizer. Veja o v\u00eddeo.\u00a0\u00a0<\/p>\n<p>Este domingo, dia 10, foi dia de gala e o concorrente expulso foi Eduardo Ferreira. O bombeiro tamb\u00e9m apresentou a sua Curva da Vida, onde contou como conheceu o cantor Marco Paulo e se tornou herdeiro. Dudu revelou quais foram <a href=\"https:\/\/tvi.iol.pt\/bigbrother\/marco-paulo\/herdeiro\/palavras-fortes-e-comoventes-a-conversa-que-marco-paulo-teve-com-o-herdeiro-no-leito-da-morte\" rel=\"nofollow noopener\" target=\"_blank\">as emocionantes palavras que o artista lhe disse no leito da morte.<\/a><\/p>\n<p><a href=\"https:\/\/tvi.iol.pt\/bigbrother\/aominuto\" rel=\"nofollow noopener\" target=\"_blank\">Acompanhe tudo no Ao Minuto do Big Brother.<\/a><\/p>\n","protected":false},"excerpt":{"rendered":"Ap\u00f3s a gala do Big Brother Ver\u00e3o, vive-se uma cadeira quente bem intensa. Catarina Miranda e J\u00e9ssica Vieira&hellip;\n","protected":false},"author":2,"featured_media":25056,"comment_status":"","ping_status":"","sticky":false,"template":"","format":"standard","meta":{"footnotes":""},"categories":[142],"tags":[2031,331,48,342,329,333,328,335,336,114,115,334,332,330,1417,13,32,33,151,162,227],"class_list":{"0":"post-25055","1":"post","2":"type-post","3":"status-publish","4":"format-standard","5":"has-post-thumbnail","7":"category-tv","8":"tag-afonso-leitao","9":"tag-big","10":"tag-big-brother","11":"tag-catarina-miranda","12":"tag-claudio-ramos","13":"tag-comentadores","14":"tag-concorrentes","15":"tag-confrontos","16":"tag-discussoes","17":"tag-entertainment","18":"tag-entretenimento","19":"tag-exclusivos","20":"tag-expulso","21":"tag-gala","22":"tag-jessica-vieira","23":"tag-noticias","24":"tag-portugal","25":"tag-pt","26":"tag-tv","27":"tag-tvi","28":"tag-videos"},"share_on_mastodon":{"url":"","error":""},"_links":{"self":[{"href":"https:\/\/www.europesays.com\/pt\/wp-json\/wp\/v2\/posts\/25055","targetHints":{"allow":["GET"]}}],"collection":[{"href":"https:\/\/www.europesays.com\/pt\/wp-json\/wp\/v2\/posts"}],"about":[{"href":"https:\/\/www.europesays.com\/pt\/wp-json\/wp\/v2\/types\/post"}],"author":[{"embeddable":true,"href":"https:\/\/www.europesays.com\/pt\/wp-json\/wp\/v2\/users\/2"}],"replies":[{"embeddable":true,"href":"https:\/\/www.europesays.com\/pt\/wp-json\/wp\/v2\/comments?post=25055"}],"version-history":[{"count":0,"href":"https:\/\/www.europesays.com\/pt\/wp-json\/wp\/v2\/posts\/25055\/revisions"}],"wp:featuredmedia":[{"embeddable":true,"href":"https:\/\/www.europesays.com\/pt\/wp-json\/wp\/v2\/media\/25056"}],"wp:attachment":[{"href":"https:\/\/www.europesays.com\/pt\/wp-json\/wp\/v2\/media?parent=25055"}],"wp:term":[{"taxonomy":"category","embeddable":true,"href":"https:\/\/www.europesays.com\/pt\/wp-json\/wp\/v2\/categories?post=25055"},{"taxonomy":"post_tag","embeddable":true,"href":"https:\/\/www.europesays.com\/pt\/wp-json\/wp\/v2\/tags?post=25055"}],"curies":[{"name":"wp","href":"https:\/\/api.w.org\/{rel}","templated":true}]}}