{"id":25060,"date":"2025-08-11T16:11:28","date_gmt":"2025-08-11T16:11:28","guid":{"rendered":"https:\/\/www.europesays.com\/pt\/25060\/"},"modified":"2025-08-11T16:11:28","modified_gmt":"2025-08-11T16:11:28","slug":"sp-vacina-contra-o-sarampo-em-estacoes-de-trem-e-metro-11-08-2025-equilibrio-e-saude","status":"publish","type":"post","link":"https:\/\/www.europesays.com\/pt\/25060\/","title":{"rendered":"SP vacina contra o sarampo em esta\u00e7\u00f5es de trem e metr\u00f4 &#8211; 11\/08\/2025 &#8211; Equil\u00edbrio e Sa\u00fade"},"content":{"rendered":"<p>A Prefeitura de S\u00e3o Paulo inicia nesta segunda-feira (11) uma campanha para intensificar a <a href=\"https:\/\/www1.folha.uol.com.br\/folha-topicos\/vacinacao\/\" rel=\"nofollow noopener\" target=\"_blank\">vacina\u00e7\u00e3o<\/a> contra o <a href=\"https:\/\/www1.folha.uol.com.br\/equilibrioesaude\/2025\/04\/sao-paulo-registra-1o-caso-de-sarampo-de-2025.shtml\" rel=\"nofollow noopener\" target=\"\">sarampo<\/a> entre pessoas com idade entre 6 meses e 59 anos. A medida se deve \u00e0 circula\u00e7\u00e3o do v\u00edrus em outros pa\u00edses, como <a href=\"https:\/\/www1.folha.uol.com.br\/equilibrioesaude\/2025\/05\/surto-de-sarampo-nos-eua-supera-mil-casos-confirmados-segundo-afp.shtml\" rel=\"nofollow noopener\" target=\"\">Estados Unidos<\/a>, <a href=\"https:\/\/www1.folha.uol.com.br\/equilibrioesaude\/2025\/03\/apos-surto-no-texas-22-casos-de-sarampo-sao-confirmados-no-mexico.shtml\" rel=\"nofollow noopener\" target=\"\">M\u00e9xico<\/a> e <a href=\"https:\/\/www1.folha.uol.com.br\/equilibrioesaude\/2025\/06\/bolivia-relata-74-casos-de-sarampo-e-decreta-emergencia-nacional.shtml\" rel=\"nofollow noopener\" target=\"\">Bol\u00edvia<\/a>, al\u00e9m do registros de casos no Brasil.<\/p>\n<p>Os pontos de vacina\u00e7\u00e3o da campanha, que segue at\u00e9 o fim deste m\u00eas, est\u00e3o em locais de grande circula\u00e7\u00e3o de pessoas como terminais de \u00f4nibus e esta\u00e7\u00f5es do metr\u00f4 e da CPTM (Companhia Paulista de Trens Metropolitanos).<\/p>\n<p>A vacina\u00e7\u00e3o \u00e9 a medida mais eficaz de preven\u00e7\u00e3o, controle e elimina\u00e7\u00e3o do sarampo.<\/p>\n<p>As <a href=\"https:\/\/buscasaude.prefeitura.sp.gov.br\/%20\" target=\"_blank\" rel=\"nofollow noopener\">Unidades B\u00e1sicas de Sa\u00fade<\/a> da capital seguem oferecendo a vacina do sarampo, de segunda \u00e0 sexta-feira, das 7h \u00e0s 19h, e aos s\u00e1bados nas AMAs\/UBSs Integradas, no mesmo hor\u00e1rio.<\/p>\n<p>O PNI (Programa Nacional de Imuniza\u00e7\u00f5es) define no calend\u00e1rio de rotina das crian\u00e7as que beb\u00eas devem receber duas doses do imunizante, a primeira aos 12 meses e a segunda aos 15 meses. A dose zero, uma medida preventiva, \u00e9 oferecida para crian\u00e7as entre 6 e 12 meses, mas n\u00e3o substitui as duas doses previstas no calend\u00e1rio.<\/p>\n<p>A Prefeitura de S\u00e3o Paulo oferece a dose zero desde junho de 2025, e em julho a <strong>Folha<\/strong> contatou <a href=\"https:\/\/www1.folha.uol.com.br\/equilibrioesaude\/2025\/07\/ubss-de-sao-paulo-ficam-sem-vacina-contra-sarampo-para-bebes.shtml\" rel=\"nofollow noopener\" target=\"\">desabastecimento em algumas UBS da cidade<\/a>. Na ocasi\u00e3o, a prefeitura afirmou fazer o remanejamento de estoques entre os postos.<\/p>\n<p>Onde se vacinar contra o sarampo: locais, dias e hor\u00e1rios<\/p>\n<ul>&#13;<\/p>\n<li><strong>Terminal Rodovi\u00e1rio da Barra Funda<\/strong><br \/>&#13;<br \/>\n\ta partir do dia 11, de segunda a sexta-feira, das 9h \u00e0s 18h<\/li>\n<p>&#13;<\/p>\n<li><strong>Terminal Parque Dom Pedro 2\u00ba<\/strong><br \/>&#13;<br \/>\n\tdias 14, 21 e 28, das 9h \u00e0s 17h<\/li>\n<p>&#13;<\/p>\n<li><strong>Esta\u00e7\u00e3o S\u00e9 do metr\u00f4<\/strong><br \/>&#13;<br \/>\n\tdias 12 e 13, das 10h \u00e0s 16h<\/li>\n<p>&#13;<\/p>\n<li><strong>Rodovi\u00e1ria do Jabaquara<\/strong><br \/>&#13;<br \/>\n\tdos dias 11 a 29, de segunda a sexta, das 10h \u00e0s 16h<\/li>\n<p>&#13;<\/p>\n<li><strong>Esta\u00e7\u00e3o do Monotrilho Vila Prudente<\/strong><br \/>&#13;<br \/>\n\tdias 26 a 29, das 9h \u00e0s 16h<\/li>\n<p>&#13;<\/p>\n<li><strong>Esta\u00e7\u00e3o CPTM de Perus<\/strong><br \/>&#13;<br \/>\n\tdias 12 a 15, das 9h \u00e0s 16h<\/li>\n<p>&#13;<\/p>\n<li><strong>Esta\u00e7\u00e3o C PTM Vila Aurora<\/strong><br \/>&#13;<br \/>\n\tde 11 a 15, das 9h \u00e0s 16h<\/li>\n<p>&#13;<\/p>\n<li><strong>Terminal Rodovi\u00e1rio Tiet\u00ea<\/strong><br \/>&#13;<br \/>\n\tde 11 a 29, de segunda a sexta, das 9h \u00e0s 16h<\/li>\n<p>&#13;<\/p>\n<li><strong>Terminal Cachoeirinha<\/strong><br \/>&#13;<br \/>\n\tde 11 a 22, de segunda a sexta, das 9h \u00e0s 16h<\/li>\n<p>&#13;<\/p>\n<li><strong>Esta\u00e7\u00e3o CPTM Br\u00e1s<\/strong><br \/>&#13;<br \/>\n\tde 11 a 29, de segunda a sexta, das 9h \u00e0s 15h<\/li>\n<p>&#13;<\/p>\n<li><strong>Terminal Sacom\u00e3<\/strong><br \/>&#13;<br \/>\n\tnos dias 11, 14, 18, 21, 25 e 28, das 8h \u00e0s 16h<\/li>\n<p>&#13;<\/p>\n<li><strong>Terminal de \u00f4nibus Parelheiros<\/strong><br \/>&#13;<br \/>\n\tdias 11, 12 e 25, das 8h \u00e0s 13h; e dias 13, 15, 21, 27 e 29, das 13h \u00e0s 18h<\/li>\n<p>&#13;<\/p>\n<li><strong>Terminal Varginha<\/strong><br \/>&#13;<br \/>\n\tnos dias 12, 14, 18, 20, 26 e 28, das 13h \u00e0s 16h<\/li>\n<p>&#13;<\/p>\n<li><strong>Terminal Capelinha<\/strong><br \/>&#13;<br \/>\n\tnos dias 11 a 15, das 10h \u00e0s 16h<\/li>\n<p>&#13;<\/p>\n<li><strong>Terminal Graja\u00fa<\/strong><br \/>&#13;<br \/>\n\tnos dias 11, 12, 13, 18, 25, 26 e 27, das 8h \u00e0s 18h<\/li>\n<p>&#13;<\/p>\n<li><strong>Terminal Campo Limpo<\/strong><br \/>&#13;<br \/>\n\tde 25 a 29, das 10h \u00e0s 16h<\/li>\n<p>&#13;<\/p>\n<li><strong>Aeroporto de Congonhas<\/strong><br \/>&#13;<br \/>\n\tde 11 a 29, de segunda a sexta, das 9h \u00e0s 16h<\/li>\n<p>&#13;<\/p>\n<li><strong>Terminal de \u00f4nibus de Santo Amaro<\/strong><br \/>&#13;<br \/>\n\tde 11 a 29, de segunda a sexta, das 9h \u00e0s 16h<\/li>\n<p>&#13;<\/p>\n<li><strong>Esta\u00e7\u00e3o CPTM Comendador Ermelino<\/strong><br \/>&#13;<br \/>\n\tnos dias 13, 15, 18, 20, 22, 25, 27 e 29, das 9h \u00e0s 19h<\/li>\n<p>&#13;<\/p>\n<li><strong>Esta\u00e7\u00e3o CPTM Guaianases<\/strong><br \/>&#13;<br \/>\n\tnos dias 13, 15, 18, 20, 22, 25, 27 e 29, das 9h \u00e0s 19h<\/li>\n<p>&#13;<\/p>\n<li><strong>Esta\u00e7\u00e3o CPTM Itaim Paulista<\/strong><br \/>&#13;<br \/>\n\tnos dias 13, 15, 18, 20, 22, 25, 27 e 29, das 9h \u00e0s 19h<\/li>\n<p>&#13;<\/p>\n<li><strong>Esta\u00e7\u00e3o CPTM S\u00e3o Miguel Paulista<\/strong><br \/>&#13;<br \/>\n\tnos dias 13, 15, 18, 20, 22, 25, 27 e 29, das 9h \u00e0s 19h<\/li>\n<p>&#13;<\/p>\n<li><strong>Esta\u00e7\u00e3o CPTM Jardim Romano<\/strong><br \/>&#13;<br \/>\n\tnos dias 13, 15, 18, 20, 22, 25, 27 e 29, das 9h \u00e0s 19h<\/li>\n<p>&#13;<\/p>\n<li><strong>Metr\u00f4 Itaquera<\/strong><br \/>&#13;<br \/>\n\tnos dias 13, 15, 18, 20, 22, 25, 27 e 29, das 9h \u00e0s 19h<\/li>\n<p>&#13;<\/p>\n<li><strong>Metr\u00f4 S\u00e3o Mateus<\/strong><br \/>&#13;<br \/>\n\tnos dias 13, 15, 18, 20, 22, 25, 27 e 29, das 9h \u00e0s 19h<\/li>\n<p>&#13;<\/p>\n<li><strong>Terminal de \u00f4nibus Cidade Tiradentes<\/strong><br \/>&#13;<br \/>\n\tnos dias 12,14, 19, 21, 26 e 28, das 9h \u00e0s 19h<\/li>\n<p>&#13;\n<\/ul>\n<p>    Cuide-se<\/p>\n<p class=\"c-newsletter__subtitle\">Ci\u00eancia, h\u00e1bitos e preven\u00e7\u00e3o numa newsletter para a sua sa\u00fade e bem-estar<\/p>\n","protected":false},"excerpt":{"rendered":"A Prefeitura de S\u00e3o Paulo inicia nesta segunda-feira (11) uma campanha para intensificar a vacina\u00e7\u00e3o contra o sarampo&hellip;\n","protected":false},"author":2,"featured_media":25061,"comment_status":"","ping_status":"","sticky":false,"template":"","format":"standard","meta":{"footnotes":""},"categories":[86],"tags":[1031,8602,1029,236,116,1208,32,33,1670,117,2820],"class_list":{"0":"post-25060","1":"post","2":"type-post","3":"status-publish","4":"format-standard","5":"has-post-thumbnail","7":"category-saude","8":"tag-autocuidado","9":"tag-campanha-de-vacinacao","10":"tag-cuide-se","11":"tag-folha","12":"tag-health","13":"tag-medicina","14":"tag-portugal","15":"tag-pt","16":"tag-sarampo","17":"tag-saude","18":"tag-vacinacao"},"share_on_mastodon":{"url":"","error":""},"_links":{"self":[{"href":"https:\/\/www.europesays.com\/pt\/wp-json\/wp\/v2\/posts\/25060","targetHints":{"allow":["GET"]}}],"collection":[{"href":"https:\/\/www.europesays.com\/pt\/wp-json\/wp\/v2\/posts"}],"about":[{"href":"https:\/\/www.europesays.com\/pt\/wp-json\/wp\/v2\/types\/post"}],"author":[{"embeddable":true,"href":"https:\/\/www.europesays.com\/pt\/wp-json\/wp\/v2\/users\/2"}],"replies":[{"embeddable":true,"href":"https:\/\/www.europesays.com\/pt\/wp-json\/wp\/v2\/comments?post=25060"}],"version-history":[{"count":0,"href":"https:\/\/www.europesays.com\/pt\/wp-json\/wp\/v2\/posts\/25060\/revisions"}],"wp:featuredmedia":[{"embeddable":true,"href":"https:\/\/www.europesays.com\/pt\/wp-json\/wp\/v2\/media\/25061"}],"wp:attachment":[{"href":"https:\/\/www.europesays.com\/pt\/wp-json\/wp\/v2\/media?parent=25060"}],"wp:term":[{"taxonomy":"category","embeddable":true,"href":"https:\/\/www.europesays.com\/pt\/wp-json\/wp\/v2\/categories?post=25060"},{"taxonomy":"post_tag","embeddable":true,"href":"https:\/\/www.europesays.com\/pt\/wp-json\/wp\/v2\/tags?post=25060"}],"curies":[{"name":"wp","href":"https:\/\/api.w.org\/{rel}","templated":true}]}}