{"id":25062,"date":"2025-08-11T16:12:14","date_gmt":"2025-08-11T16:12:14","guid":{"rendered":"https:\/\/www.europesays.com\/pt\/25062\/"},"modified":"2025-08-11T16:12:14","modified_gmt":"2025-08-11T16:12:14","slug":"acho-que-esta-na-altura-de","status":"publish","type":"post","link":"https:\/\/www.europesays.com\/pt\/25062\/","title":{"rendered":"Acho que est\u00e1 na altura de &#8230;"},"content":{"rendered":"<p>\t\t\t\t\t\t\t\t\t\t\t\t<a href=\"#\" onclick=\"window.open('http:\/\/www.facebook.com\/sharer.php?u=https:\/\/cusquices.com\/kika-fonseca-deixa-conselho-a-catarina-miranda-acho-que-esta-na-altura-de\/&amp;t=Kika Fonseca deixa conselho a Catarina Miranda: \u201cAcho que est\u00e1 na altura de \u2026\u201d', 'facebookShare', 'width=626,height=436'); return false;\" title=\"Share on Facebook\"><\/p>\n<p>Share<\/p>\n<p><\/a><br \/>\n\t\t\t\t\t\t\t\t\t\t\t\t<a href=\"#\" onclick=\"window.open('http:\/\/twitter.com\/share?text=Kika Fonseca deixa conselho a Catarina Miranda: \u201cAcho que est\u00e1 na altura de \u2026\u201d -&amp;url=https:\/\/cusquices.com\/kika-fonseca-deixa-conselho-a-catarina-miranda-acho-que-esta-na-altura-de\/', 'twitterShare', 'width=626,height=436'); return false;\" title=\"Tweet This Post\"><\/p>\n<p>Tweet<\/p>\n<p><\/a><br \/>\n\t\t\t\t\t\t\t\t\t\t\t\t<a href=\"whatsapp:\/\/send?text=Kika Fonseca deixa conselho a Catarina Miranda: \u201cAcho que est\u00e1 na altura de \u2026\u201d https:\/\/cusquices.com\/kika-fonseca-deixa-conselho-a-catarina-miranda-acho-que-esta-na-altura-de\/\" rel=\"nofollow\"><\/p>\n<p>Share<\/p>\n<p><\/a><br \/>\n\t\t\t\t\t\t\t\t\t\t\t\t<a href=\"#\" onclick=\"window.open('http:\/\/pinterest.com\/pin\/create\/button\/?url=https:\/\/cusquices.com\/kika-fonseca-deixa-conselho-a-catarina-miranda-acho-que-esta-na-altura-de\/&amp;media=https:\/\/cusquices.com\/wp-content\/uploads\/2025\/08\/kikamiranda-1000x600.jpg&amp;description=Kika Fonseca deixa conselho a Catarina Miranda: \u201cAcho que est\u00e1 na altura de \u2026\u201d', 'pinterestShare', 'width=750,height=350'); return false;\" title=\"Pin This Post\"><\/p>\n<p>Share<\/p>\n<p><\/a><br \/>\n\t\t\t\t\t\t\t\t\t\t\t\t<a href=\"mailto:?subject=Kika Fonseca deixa conselho a Catarina Miranda: \u201cAcho que est\u00e1 na altura de \u2026\u201d&amp;BODY=I found this article interesting and thought of sharing it with you. Check it out: https:\/\/cusquices.com\/kika-fonseca-deixa-conselho-a-catarina-miranda-acho-que-esta-na-altura-de\/\"><\/p>\n<p>Email<\/p>\n<p><\/a><br \/>\n\t\t\t\t\t\t\t\t\t\t\t\t\t\t\t\t\t\t\t\t\t\t\t\t\t\t\t\t\t\t\t\t\t\t\t\t\t\t\t\t\t\t\t\t\t\t\t\t\t\t\t\t\t<a href=\"https:\/\/cusquices.com\/kika-fonseca-deixa-conselho-a-catarina-miranda-acho-que-esta-na-altura-de\/#respond\" rel=\"nofollow noopener\" target=\"_blank\"><\/p>\n<p>Kika n\u00e3o tem d\u00favidas que Miranda \u00e9 a justa vencedora do Big Brother Ver\u00e3o e deixou-lhe um conselho.<\/p>\n<p><strong>Lu\u00eds Fonseca,<\/strong> carinhosamente conhecido como Kika, ex-concorrente do Big Brother 2024 e amigo de <strong>Catarina Miranda<\/strong>, tem-se mostrado muito atento \u00e0 edi\u00e7\u00e3o do Big Brother Ver\u00e3o e demonstrado frequentemente o seu apoio \u00e0 amiga que conheceu na casa mais vigiada do pa\u00eds.<\/p>\n<p><strong>Kika<\/strong> mostrou-se atento \u00e0 gala deste domingo, 10 de agosto e foi comentando alguns momentos nas suas redes sociais. O toureiro, reagiu \u00e0 imunidade de <strong>Catarina Miranda<\/strong> e para al\u00e9m de deixar uma mensagem a parabenizar a amiga ainda lhe deixou um conselho.<\/p>\n<p><strong>\u201cParab\u00e9ns\u201d, <\/strong>come\u00e7ou por escrever Kika, que n\u00e3o t\u00eam d\u00favidas:<strong> \u201cCada dia me conven\u00e7o mais \u00e9 a \u00fanica justa vencedora, leva o programa \u00e0s costas e v\u00e1rios atrelados\u201d<\/strong>. Kika n\u00e3o ficou por aqui e deixou um conselho a <strong>Catarina Miranda: \u201cAcho que est\u00e1 na altura de deixar os atrelados para traz para n\u00e3o haver desilus\u00f5es at\u00e9 a final\u201d.<\/strong><\/p>\n<p><img loading=\"lazy\" decoding=\"async\" width=\"572\" height=\"1024\" src=\"https:\/\/www.europesays.com\/pt\/wp-content\/uploads\/2025\/08\/kika-conselhomiranda-572x1024.png\" alt=\"\" class=\"wp-image-97301 webpexpress-processed\"  \/><\/p>\n<p><strong>Leia tamb\u00e9m:<\/strong><\/p>\n<p>\t\t\t\t\t\t\t\t\t\t\t\t\t\t\t\t\t\t\t\t\t\t\t\t\t<img decoding=\"async\" src=\"https:\/\/www.europesays.com\/pt\/wp-content\/uploads\/2025\/07\/cusquices-logo-52x.png\" class=\"webpexpress-processed\"\/><\/p>\n<p>\t\t\t\t\t\t\t\t\t\t\t\t\t\t\t\t\t\t\t\t\t            \t\t\t\t\t\t\t\t\t\t\t\t\t\t\t\t\t\t\t\t\t\t\t\t\t\t\t\t\t\t\t\t\t\t\t\t\t\t\t<script async src=\"https:\/\/platform.twitter.com\/widgets.js\" charset=\"utf-8\"><\/script><\/p>\n","protected":false},"excerpt":{"rendered":"Share Tweet Share Share Email Kika n\u00e3o tem d\u00favidas que Miranda \u00e9 a justa vencedora do Big Brother&hellip;\n","protected":false},"author":2,"featured_media":25063,"comment_status":"","ping_status":"","sticky":false,"template":"","format":"standard","meta":{"footnotes":""},"categories":[85],"tags":[48,342,49,114,115,6506,32,33],"class_list":{"0":"post-25062","1":"post","2":"type-post","3":"status-publish","4":"format-standard","5":"has-post-thumbnail","7":"category-entretenimento","8":"tag-big-brother","9":"tag-catarina-miranda","10":"tag-destaques","11":"tag-entertainment","12":"tag-entretenimento","13":"tag-luis-fonseca","14":"tag-portugal","15":"tag-pt"},"share_on_mastodon":{"url":"","error":""},"_links":{"self":[{"href":"https:\/\/www.europesays.com\/pt\/wp-json\/wp\/v2\/posts\/25062","targetHints":{"allow":["GET"]}}],"collection":[{"href":"https:\/\/www.europesays.com\/pt\/wp-json\/wp\/v2\/posts"}],"about":[{"href":"https:\/\/www.europesays.com\/pt\/wp-json\/wp\/v2\/types\/post"}],"author":[{"embeddable":true,"href":"https:\/\/www.europesays.com\/pt\/wp-json\/wp\/v2\/users\/2"}],"replies":[{"embeddable":true,"href":"https:\/\/www.europesays.com\/pt\/wp-json\/wp\/v2\/comments?post=25062"}],"version-history":[{"count":0,"href":"https:\/\/www.europesays.com\/pt\/wp-json\/wp\/v2\/posts\/25062\/revisions"}],"wp:featuredmedia":[{"embeddable":true,"href":"https:\/\/www.europesays.com\/pt\/wp-json\/wp\/v2\/media\/25063"}],"wp:attachment":[{"href":"https:\/\/www.europesays.com\/pt\/wp-json\/wp\/v2\/media?parent=25062"}],"wp:term":[{"taxonomy":"category","embeddable":true,"href":"https:\/\/www.europesays.com\/pt\/wp-json\/wp\/v2\/categories?post=25062"},{"taxonomy":"post_tag","embeddable":true,"href":"https:\/\/www.europesays.com\/pt\/wp-json\/wp\/v2\/tags?post=25062"}],"curies":[{"name":"wp","href":"https:\/\/api.w.org\/{rel}","templated":true}]}}