{"id":25066,"date":"2025-08-11T16:15:08","date_gmt":"2025-08-11T16:15:08","guid":{"rendered":"https:\/\/www.europesays.com\/pt\/25066\/"},"modified":"2025-08-11T16:15:08","modified_gmt":"2025-08-11T16:15:08","slug":"luanda-amanhece-sob-forte-aparato-policial-no-dia-em-que-o-conselho-da-republica-se-reune-para-analisar-situacao-de-seguranca","status":"publish","type":"post","link":"https:\/\/www.europesays.com\/pt\/25066\/","title":{"rendered":"Luanda amanhece sob forte aparato policial no dia em que o Conselho da Rep\u00fablica se re\u00fane para analisar situa\u00e7\u00e3o de seguran\u00e7a"},"content":{"rendered":"<p>NJ<\/p>\n<p>11 de Agosto\u00a02025 \u00e0s 09:16<\/p>\n<p>A reuni\u00e3o extraordin\u00e1ria do Conselho da Rep\u00fablica, um \u00f3rg\u00e3o consultivo do Chefe de Estado que integra personalidades como a vice-Presidente, a presidente da Assembleia Nacional, o procurador-geral da Rep\u00fablica, l\u00edderes dos partidos com assento parlamentar e representantes da sociedade civil, ter\u00e1 na agenda, segundo o comunicado dos servi\u00e7os da Presid\u00eancia, a situa\u00e7\u00e3o de seguran\u00e7a em Angola.<\/p>\n<p>No domingo, a Pol\u00edcia Nacional de Angola fez uma comunica\u00e7\u00e3o \u00e0 imprensa em que avisava que qualquer tentativa de manifesta\u00e7\u00e3o ou paralisa\u00e7\u00e3o dos taxistas ser\u00e1 prontamente respondida. Na mesma comunica\u00e7\u00e3o, em que fez um ponto de situa\u00e7\u00e3o de seguran\u00e7a p\u00fablica no Pa\u00eds, o porta-voz da Pol\u00edcia Nacional, Mateus Rodrigues, declarou pretender &#8220;levar uma mensagem de tranquilidade aos cidad\u00e3os&#8221;, dizendo que &#8220;n\u00e3o h\u00e1 raz\u00f5es para preocupa\u00e7\u00f5es para limitar a circula\u00e7\u00e3o p\u00fablica nos pr\u00f3ximos dias&#8221;.<\/p>\n<p>Este clima de inseguran\u00e7a que se tem vivido surge depois de tr\u00eas dias de intensos protestos e tumultos, na sequ\u00eancia da paralisa\u00e7\u00e3o dos servi\u00e7os de t\u00e1xis, entre os dias 28 e 30 de Julho, devido ao aumento do pre\u00e7o dos combust\u00edveis, fez tamb\u00e9m com que parte da popula\u00e7\u00e3o tenha optado por permanecer em casa esta segunda-feira, verificou o Novo Jornal.<\/p>\n<p>H\u00e1 pouco movimento nas paragens de t\u00e1xis, um cen\u00e1rio n\u00e3o habitual \u00e0s segundas-feiras, e alguns estabelecimentos comerciais est\u00e3o encerrados. <\/p>\n<p>O balan\u00e7o oficial da Pol\u00edcia Nacional sobre os confrontos dos tr\u00eas dias no fim de Julho aponta para 30 mortos, mais de 200 feridos e mais de 1.500 deten\u00e7\u00f5es.<\/p>\n<p>Tamb\u00e9m no domingo, o Servi\u00e7o de Investiga\u00e7\u00e3o Criminal tornou p\u00fablica a deten\u00e7\u00e3o do presidente da Associa\u00e7\u00e3o Nacional de Taxistas Angolanos (ANATA), Francisco Paciente, &#8220;por factos que se configuram na pr\u00e1tica dos crimes de associa\u00e7\u00e3o criminosa, incita\u00e7\u00e3o \u00e0 viol\u00eancia, atentado contra a seguran\u00e7a nos transportes e terrorismo, consubstanciado em fortes ind\u00edcios do seu envolvimento na promo\u00e7\u00e3o dos actos de vandalismo e arrua\u00e7a contra bens e servi\u00e7os p\u00fablicos e privados, protagonizados no final de Julho do corrente ano. Antes, j\u00e1 tinha anunciado a deten\u00e7\u00e3o do vice-presidente da ANATA.<\/p>\n","protected":false},"excerpt":{"rendered":"NJ 11 de Agosto\u00a02025 \u00e0s 09:16 A reuni\u00e3o extraordin\u00e1ria do Conselho da Rep\u00fablica, um \u00f3rg\u00e3o consultivo do Chefe&hellip;\n","protected":false},"author":2,"featured_media":25067,"comment_status":"","ping_status":"","sticky":false,"template":"","format":"standard","meta":{"footnotes":""},"categories":[50],"tags":[2992,2713,836,1063,1753,3003,2995,27,28,470,1195,315,135,3005,476,2993,2258,1169,15,16,2085,524,3002,3000,643,14,2998,2086,1856,82,2513,1428,25,26,2996,2994,2997,21,22,606,3001,62,150,619,12,718,2990,13,19,20,2991,2989,835,602,52,32,23,24,2999,548,679,58,2387,218,605,17,18,151,29,30,31,578,63,64,65,3004],"class_list":{"0":"post-25066","1":"post","2":"type-post","3":"status-publish","4":"format-standard","5":"has-post-thumbnail","7":"category-mundo","8":"tag-actualidade","9":"tag-africa","10":"tag-analise","11":"tag-angola","12":"tag-artes","13":"tag-assinatura","14":"tag-benguela","15":"tag-breaking-news","16":"tag-breakingnews","17":"tag-cinema","18":"tag-concerto","19":"tag-cultura","20":"tag-desporto","21":"tag-download","22":"tag-economia","23":"tag-editorial","24":"tag-eleicoes","25":"tag-facebook","26":"tag-featured-news","27":"tag-featurednews","28":"tag-fotografia","29":"tag-futebol","30":"tag-galeria","31":"tag-girabola","32":"tag-google","33":"tag-headlines","34":"tag-huambo","35":"tag-imagem","36":"tag-informacao","37":"tag-internacional","38":"tag-jornal","39":"tag-jornalismo","40":"tag-latest-news","41":"tag-latestnews","42":"tag-lobito","43":"tag-luanda","44":"tag-lubango","45":"tag-main-news","46":"tag-mainnews","47":"tag-meteorologia","48":"tag-multimedia","49":"tag-mundo","50":"tag-musica","51":"tag-nacional","52":"tag-news","53":"tag-newsletter","54":"tag-nj","55":"tag-noticias","56":"tag-noticias-principais","57":"tag-noticiasprincipais","58":"tag-nova-vaga","59":"tag-novo-jornal","60":"tag-opiniao","61":"tag-pais","62":"tag-politica","63":"tag-portugal","64":"tag-principais-noticias","65":"tag-principaisnoticias","66":"tag-provincias","67":"tag-redes-sociais","68":"tag-reportagem","69":"tag-sociedade","70":"tag-teatro","71":"tag-televisao","72":"tag-tempo","73":"tag-top-stories","74":"tag-topstories","75":"tag-tv","76":"tag-ultimas","77":"tag-ultimas-noticias","78":"tag-ultimasnoticias","79":"tag-video","80":"tag-world","81":"tag-world-news","82":"tag-worldnews","83":"tag-youtube"},"share_on_mastodon":{"url":"","error":""},"_links":{"self":[{"href":"https:\/\/www.europesays.com\/pt\/wp-json\/wp\/v2\/posts\/25066","targetHints":{"allow":["GET"]}}],"collection":[{"href":"https:\/\/www.europesays.com\/pt\/wp-json\/wp\/v2\/posts"}],"about":[{"href":"https:\/\/www.europesays.com\/pt\/wp-json\/wp\/v2\/types\/post"}],"author":[{"embeddable":true,"href":"https:\/\/www.europesays.com\/pt\/wp-json\/wp\/v2\/users\/2"}],"replies":[{"embeddable":true,"href":"https:\/\/www.europesays.com\/pt\/wp-json\/wp\/v2\/comments?post=25066"}],"version-history":[{"count":0,"href":"https:\/\/www.europesays.com\/pt\/wp-json\/wp\/v2\/posts\/25066\/revisions"}],"wp:featuredmedia":[{"embeddable":true,"href":"https:\/\/www.europesays.com\/pt\/wp-json\/wp\/v2\/media\/25067"}],"wp:attachment":[{"href":"https:\/\/www.europesays.com\/pt\/wp-json\/wp\/v2\/media?parent=25066"}],"wp:term":[{"taxonomy":"category","embeddable":true,"href":"https:\/\/www.europesays.com\/pt\/wp-json\/wp\/v2\/categories?post=25066"},{"taxonomy":"post_tag","embeddable":true,"href":"https:\/\/www.europesays.com\/pt\/wp-json\/wp\/v2\/tags?post=25066"}],"curies":[{"name":"wp","href":"https:\/\/api.w.org\/{rel}","templated":true}]}}