{"id":25074,"date":"2025-08-11T16:20:11","date_gmt":"2025-08-11T16:20:11","guid":{"rendered":"https:\/\/www.europesays.com\/pt\/25074\/"},"modified":"2025-08-11T16:20:11","modified_gmt":"2025-08-11T16:20:11","slug":"jornalistas-organizam-livro-coletanea-que-celebra-literatura-em-tres-passos-rs","status":"publish","type":"post","link":"https:\/\/www.europesays.com\/pt\/25074\/","title":{"rendered":"Jornalistas organizam livro-colet\u00e2nea que celebra Literatura em Tr\u00eas Passos (RS)"},"content":{"rendered":"<p>Os jornalistas Cl\u00f3vis Baraldi Machado e Juarez Paulo Braga Zamberlan lan\u00e7am na pr\u00f3xima sexta-feira (15) o livro-colet\u00e2nea \u201c80 anos de Literatura em Tr\u00eas Passos\u201d. Trata-se de uma colet\u00e2nea, resultado da produ\u00e7\u00e3o art\u00edstica e liter\u00e1ria de 26 escritores\/as, residentes ou que viveram na cidade.<\/p>\n<p>A alus\u00e3o aos 80 anos de Literatura tamb\u00e9m \u00e9 referente aos 80 anos de emancipa\u00e7\u00e3o pol\u00edtico administrativa do munic\u00edpio, ocorrida em dezembro passado, explica Braga, que atua tamb\u00e9m como produtor executivo do projeto cultural que \u00e9 financiado pela <a href=\"https:\/\/www.brasildefato.com.br\/?s=Lei+Aldir+Blanc\" rel=\"nofollow noopener\" target=\"_blank\">Pol\u00edtica Nacional Aldir Blanc \u2013 PNAB<\/a>, executado pelo Governo Federal, atrav\u00e9s do Minist\u00e9rio da Cultura, e operado em \u00e2mbito local atrav\u00e9s de Edital da Secretaria Municipal de Educa\u00e7\u00e3o e Cultura.<\/p>\n<p><a href=\"https:\/\/plebiscitopopular.org.br\/\" target=\"_blank\" rel=\"noreferrer noopener nofollow\"><img loading=\"lazy\" decoding=\"async\" width=\"851\" height=\"175\" src=\"https:\/\/www.europesays.com\/pt\/wp-content\/uploads\/2025\/08\/1754929210_509_image-2.png\" alt=\"\" class=\"wp-image-731221 lazy\"  data-\/><\/a><\/p>\n<p>A cerim\u00f4nia de lan\u00e7amento ser\u00e1 realizada na sexta-feira (15), 19h, na sala 106 da Universidade de Iju\u00ed (Unijui), Campus Tr\u00eas Passos, integrando a programa\u00e7\u00e3o do 4\u00ba Sarau Liter\u00e1rio \u201cNossas Hist\u00f3rias Aqui\u201d.<\/p>\n<p>A diagrama\u00e7\u00e3o, impress\u00e3o e demais tr\u00e2mites ficou a cargo de MURUCI Editor. Arte da capa \u00e9 de Marcelo Roberto Neckel. \u00a0As imagens foram fornecidas pelos autores. Conforme explicam os organizadores Braga e Baraldi, o projeto n\u00e3o tens fins lucrativos e o valor arrecadado na comercializa\u00e7\u00e3o do livro ser\u00e1 revertido em doa\u00e7\u00e3o ao Movimento Pr\u00f3-Arte de Tr\u00eas Passos.<\/p>\n<p><a href=\"https:\/\/apoia.se\/amigosdobrasildefators\" target=\"_blank\" rel=\"noreferrer noopener nofollow\"><img loading=\"lazy\" decoding=\"async\" width=\"1024\" height=\"128\" src=\"https:\/\/www.europesays.com\/pt\/wp-content\/uploads\/2025\/08\/1754929211_436_image-3.png\" alt=\"\" class=\"wp-image-731222 lazy\"  data-\/><\/a><\/p>\n<p>Contribuem na obra: Ad\u00e3o Miguel Marques Quinda, Alexandre Lobo, Ari Jo\u00e3o Anschau, Artur M\u00e1rio Gieseler, Cezar Cortiana Machado Filho, Christian Jordino Antonio Ferreira Alves da Silva, Clovis Baraldi Machado, Daniel Feix, Daniel Ribeiro, Darci Maschio, Eloisa Sampaio, G\u00fcnter Bayerl Padilha, Iv\u00e2nio Dalagno, Juarez Paulo Braga Zamberlan, Juremir Machado da Silva, Lucio Steiner, Luiz Adalberto Villa Real, Marcelo Lobo, M\u00e1rcia do Canto, Micheli Glinke Daronch, Nelson Brauwers, Neusa Tolfo, Nubia Moreira Brodbeck, Renan Lobo, Roberto Mazzini Bordini, Selito Schmitt, Vinicius Bind\u00e9 Arbo de Ara\u00fajo e Zil\u00e1 Maria Breitenbach.<\/p>\n<p>Mais Informa\u00e7\u00f5es e novidades podem ser acessadas no perfil do instagram<a href=\"https:\/\/www.instagram.com\/braga.artecultura\/\" rel=\"nofollow noopener\" target=\"_blank\"> @braga.artecultura<\/a><\/p>\n<p>                                          <script async src=\"\/\/www.instagram.com\/embed.js\"><\/script><\/p>\n","protected":false},"excerpt":{"rendered":"Os jornalistas Cl\u00f3vis Baraldi Machado e Juarez Paulo Braga Zamberlan lan\u00e7am na pr\u00f3xima sexta-feira (15) o livro-colet\u00e2nea \u201c80&hellip;\n","protected":false},"author":2,"featured_media":25075,"comment_status":"","ping_status":"","sticky":false,"template":"","format":"standard","meta":{"footnotes":""},"categories":[143],"tags":[169,114,115,170,32,33],"class_list":{"0":"post-25074","1":"post","2":"type-post","3":"status-publish","4":"format-standard","5":"has-post-thumbnail","7":"category-livros","8":"tag-books","9":"tag-entertainment","10":"tag-entretenimento","11":"tag-livros","12":"tag-portugal","13":"tag-pt"},"share_on_mastodon":{"url":"","error":""},"_links":{"self":[{"href":"https:\/\/www.europesays.com\/pt\/wp-json\/wp\/v2\/posts\/25074","targetHints":{"allow":["GET"]}}],"collection":[{"href":"https:\/\/www.europesays.com\/pt\/wp-json\/wp\/v2\/posts"}],"about":[{"href":"https:\/\/www.europesays.com\/pt\/wp-json\/wp\/v2\/types\/post"}],"author":[{"embeddable":true,"href":"https:\/\/www.europesays.com\/pt\/wp-json\/wp\/v2\/users\/2"}],"replies":[{"embeddable":true,"href":"https:\/\/www.europesays.com\/pt\/wp-json\/wp\/v2\/comments?post=25074"}],"version-history":[{"count":0,"href":"https:\/\/www.europesays.com\/pt\/wp-json\/wp\/v2\/posts\/25074\/revisions"}],"wp:featuredmedia":[{"embeddable":true,"href":"https:\/\/www.europesays.com\/pt\/wp-json\/wp\/v2\/media\/25075"}],"wp:attachment":[{"href":"https:\/\/www.europesays.com\/pt\/wp-json\/wp\/v2\/media?parent=25074"}],"wp:term":[{"taxonomy":"category","embeddable":true,"href":"https:\/\/www.europesays.com\/pt\/wp-json\/wp\/v2\/categories?post=25074"},{"taxonomy":"post_tag","embeddable":true,"href":"https:\/\/www.europesays.com\/pt\/wp-json\/wp\/v2\/tags?post=25074"}],"curies":[{"name":"wp","href":"https:\/\/api.w.org\/{rel}","templated":true}]}}