{"id":250744,"date":"2026-01-30T21:00:16","date_gmt":"2026-01-30T21:00:16","guid":{"rendered":"https:\/\/www.europesays.com\/pt\/250744\/"},"modified":"2026-01-30T21:00:16","modified_gmt":"2026-01-30T21:00:16","slug":"tesla-muda-e-nao-desenvolve-mais-carros-para-serem-conduzidos","status":"publish","type":"post","link":"https:\/\/www.europesays.com\/pt\/250744\/","title":{"rendered":"Tesla muda e n\u00e3o desenvolve mais carros &#8220;para serem conduzidos&#8221;"},"content":{"rendered":"<p>A primeira apresenta\u00e7\u00e3o de resultados da Tesla para 2026 terminou com uma s\u00e9rie de novidades e mudan\u00e7as. Uma das mais not\u00e1veis \u200b\u200b\u00e9 que vai descontinuar os Model S e Model X. A empresa, no entanto, revelou tamb\u00e9m uma mudan\u00e7a que afetar\u00e1 os que desejam comprar um modelo diferente. \u00c9 hora do adeus aos carros da Tesla como os conhecemos.<\/p>\n<p><a target=\"_blank\" href=\"https:\/\/pplware.sapo.pt\/wp-content\/uploads\/2025\/08\/tesla_energia_0.jpg\" onclick=\"refreshIframe()\" class=\"foobox\" rel=\"nofollow noopener\"><img fetchpriority=\"high\" decoding=\"async\" src=\"https:\/\/www.europesays.com\/pt\/wp-content\/uploads\/2026\/01\/tesla_energia_0-1024x576.jpg\" alt=\"Tesla Model 3 Model Y conduzidos Elon Musk\" width=\"720\" height=\"405\" class=\"aligncenter size-large wp-image-1072938\"  \/><\/a>\n<\/p>\n<p>Tesla traz mudan\u00e7a radical para os seus carros<\/p>\n<p>Isto foi confirmado h\u00e1 alguns meses por Lars Moravi, o engenheiro respons\u00e1vel da Tesla. Agora, Elon Musk reiterou estas palavras na recente confer\u00eancia telef\u00f3nica com investidores sobre os resultados de 2025. O executivo confirma que a Tesla n\u00e3o vai desenvolver mais carros para serem conduzidos.<\/p>\n<p>Isto significa muitas altera\u00e7\u00f5es que vamos ver surgir em breve. N\u00e3o apenas que o Model S e o Model X, mas tamb\u00e9m que os restantes modelos que se manter\u00e3o no cat\u00e1logo da marca poder\u00e3o sofrer altera\u00e7\u00f5es totais. Falamos aqui, naturalmente, do Model 3 ou o Model Y.<\/p>\n<p>Embora Moravi tenha sido algo amb\u00edguo, a decis\u00e3o da Tesla de desenvolver mais carros aut\u00f3nomos pode significar que os pr\u00f3ximos Model 3 e Model Y, bem como quaisquer outros ve\u00edculos que a empresa lance em breve, n\u00e3o ter\u00e3o volante. A Tesla dar\u00e1 prioridade \u00e0 condu\u00e7\u00e3o aut\u00f3noma, como j\u00e1 faz com o CyberCab, pelo que os condutores obviamente n\u00e3o precisar\u00e3o de volante ou pedais.<\/p>\n<p><a target=\"_blank\" href=\"https:\/\/pplware.sapo.pt\/wp-content\/uploads\/2026\/01\/model_3_model_y_.jpg\" onclick=\"refreshIframe()\" class=\"foobox\" rel=\"nofollow noopener\"><img loading=\"lazy\" decoding=\"async\" src=\"https:\/\/www.europesays.com\/pt\/wp-content\/uploads\/2026\/01\/model_3_model_y_-1024x576.jpg\" alt=\"Tesla Model 3 Model Y conduzidos Elon Musk\" width=\"720\" height=\"405\" class=\"aligncenter size-large wp-image-1100941\"  \/><\/a><\/p>\n<p>Model 3 e Model Y deixam de ser conduzidos<\/p>\n<p>Esta mudan\u00e7a na estrat\u00e9gia da Tesla tamb\u00e9m parece revelar not\u00edcias que muitos podem n\u00e3o gostar: n\u00e3o haver\u00e1 um Tesla Model 2. O carro acess\u00edvel que a empresa tem adiado h\u00e1 anos pode finalmente nunca ver a luz do dia devido \u00e0 decis\u00e3o de fabricar novos carros sem volante. Alega-se que a empresa de Elon Musk n\u00e3o consegue desenvolver um ve\u00edculo totalmente aut\u00f3nomo a um pre\u00e7o inferior ao do Model 3, pelo que faz sentido que este carro nunca chegue a existir.<\/p>\n<p>De qualquer modo, Elon Musk confirmou ainda que haver\u00e1 uma exce\u00e7\u00e3o \u00e0 sua decis\u00e3o de n\u00e3o desenvolver carros para conduzir. O Roadster 2, o modelo desportivo da Tesla, ter\u00e1 volante e chegar\u00e1 ainda este ano. Musk afirma que a expectativa \u00e9 que as entregas arranquem em abril.<\/p>\n<p>Naturalmente, estas novas funcionalidades come\u00e7ar\u00e3o a ser implementadas nos pr\u00f3ximos meses, prevendo-se que os utilizadores possam continuar a comprar um Model 3 ou Model Y com volante como antes, embora no futuro estes modelos passem a ser totalmente aut\u00f3nomos. De qualquer forma, o Model X e o Model S desaparecer\u00e3o completamente da linha de produtos da marca e n\u00e3o ter\u00e3o uma vers\u00e3o aut\u00f3noma.<\/p>\n","protected":false},"excerpt":{"rendered":"A primeira apresenta\u00e7\u00e3o de resultados da Tesla para 2026 terminou com uma s\u00e9rie de novidades e mudan\u00e7as. Uma&hellip;\n","protected":false},"author":2,"featured_media":48621,"comment_status":"","ping_status":"","sticky":false,"template":"","format":"standard","meta":{"footnotes":"","_share_on_mastodon":"0"},"categories":[83],"tags":[88,46959,89,584,90,24797,4927,32,33,296],"class_list":["post-250744","post","type-post","status-publish","format-standard","has-post-thumbnail","category-empresas","tag-business","tag-conduzidos","tag-economy","tag-elon-musk","tag-empresas","tag-model-3","tag-model-y","tag-portugal","tag-pt","tag-tesla"],"share_on_mastodon":{"url":"https:\/\/pubeurope.com\/@pt\/115986066798805376","error":""},"_links":{"self":[{"href":"https:\/\/www.europesays.com\/pt\/wp-json\/wp\/v2\/posts\/250744","targetHints":{"allow":["GET"]}}],"collection":[{"href":"https:\/\/www.europesays.com\/pt\/wp-json\/wp\/v2\/posts"}],"about":[{"href":"https:\/\/www.europesays.com\/pt\/wp-json\/wp\/v2\/types\/post"}],"author":[{"embeddable":true,"href":"https:\/\/www.europesays.com\/pt\/wp-json\/wp\/v2\/users\/2"}],"replies":[{"embeddable":true,"href":"https:\/\/www.europesays.com\/pt\/wp-json\/wp\/v2\/comments?post=250744"}],"version-history":[{"count":0,"href":"https:\/\/www.europesays.com\/pt\/wp-json\/wp\/v2\/posts\/250744\/revisions"}],"wp:featuredmedia":[{"embeddable":true,"href":"https:\/\/www.europesays.com\/pt\/wp-json\/wp\/v2\/media\/48621"}],"wp:attachment":[{"href":"https:\/\/www.europesays.com\/pt\/wp-json\/wp\/v2\/media?parent=250744"}],"wp:term":[{"taxonomy":"category","embeddable":true,"href":"https:\/\/www.europesays.com\/pt\/wp-json\/wp\/v2\/categories?post=250744"},{"taxonomy":"post_tag","embeddable":true,"href":"https:\/\/www.europesays.com\/pt\/wp-json\/wp\/v2\/tags?post=250744"}],"curies":[{"name":"wp","href":"https:\/\/api.w.org\/{rel}","templated":true}]}}