{"id":25080,"date":"2025-08-11T16:24:07","date_gmt":"2025-08-11T16:24:07","guid":{"rendered":"https:\/\/www.europesays.com\/pt\/25080\/"},"modified":"2025-08-11T16:24:07","modified_gmt":"2025-08-11T16:24:07","slug":"o-benfica-sabe-que-akturkoglu-quer-o-besiktas-se-voltar-para-a-turquia","status":"publish","type":"post","link":"https:\/\/www.europesays.com\/pt\/25080\/","title":{"rendered":"\u00abO Benfica sabe que Akt\u00fcrkoglu quer o Besiktas se voltar para a Turquia\u00bb"},"content":{"rendered":"<p>Numa altura em que o Benfica tem em m\u00e3os <a href=\"https:\/\/maisfutebol.iol.pt\/benfica\/kerem-akturkoglu\/akturkoglu-benfica-sem-pressa-para-responder-oferta-de-quase-25me-do-fenerbahce\" rel=\"nofollow noopener\" target=\"_blank\"><strong>uma proposta de 25 milh\u00f5es de euros do Fenerbah\u00e7e por Akt\u00fcrkoglu<\/strong><\/a>, um dos maiores rivais da equipa orientada por Jos\u00e9 Mourinho fez uma declara\u00e7\u00e3o de inten\u00e7\u00f5es bem clara: desviar o avan\u00e7ado.<\/p>\n<p>\u00abO Benfica sabe que que o Kerem [Akt\u00fcrkoglu] quer jogar pelo Besiktas se voltar para a Turquia\u00bb, disse Serdal Adali, presidente do Besiktas, numa confer\u00eancia de imprensa realizada nesta segunda-feira.<\/p>\n<p>\u00abO tema do Akt\u00fcrkoglu surgiu quando o Orkun [K\u00f6kc\u00fc] ainda estava em Lisboa. [Mas] A minha sensa\u00e7\u00e3o \u00e9 de que o Benfica n\u00e3o vai deix\u00e1-lo sair nesta \u00e9poca\u00bb, acrescentou o dirigente.<\/p>\n<p>Nos \u00faltimos anos, Benfica e Besiktas t\u00eam realizado v\u00e1rios neg\u00f3cios, sendo que j\u00e1 neste defeso K\u00f6kc\u00fc e Jur\u00e1sek rumaram ao emblema turco.<\/p>\n","protected":false},"excerpt":{"rendered":"Numa altura em que o Benfica tem em m\u00e3os uma proposta de 25 milh\u00f5es de euros do Fenerbah\u00e7e&hellip;\n","protected":false},"author":2,"featured_media":25081,"comment_status":"","ping_status":"","sticky":false,"template":"","format":"standard","meta":{"footnotes":""},"categories":[87],"tags":[8610,51,437,135,46,32,33,47,134,35],"class_list":{"0":"post-25080","1":"post","2":"type-post","3":"status-publish","4":"format-standard","5":"has-post-thumbnail","7":"category-desporto","8":"tag-akturkoglu","9":"tag-benfica","10":"tag-besiktas","11":"tag-desporto","12":"tag-maisfutebol","13":"tag-portugal","14":"tag-pt","15":"tag-pura-paixao","16":"tag-sports","17":"tag-transferencias"},"share_on_mastodon":{"url":"","error":""},"_links":{"self":[{"href":"https:\/\/www.europesays.com\/pt\/wp-json\/wp\/v2\/posts\/25080","targetHints":{"allow":["GET"]}}],"collection":[{"href":"https:\/\/www.europesays.com\/pt\/wp-json\/wp\/v2\/posts"}],"about":[{"href":"https:\/\/www.europesays.com\/pt\/wp-json\/wp\/v2\/types\/post"}],"author":[{"embeddable":true,"href":"https:\/\/www.europesays.com\/pt\/wp-json\/wp\/v2\/users\/2"}],"replies":[{"embeddable":true,"href":"https:\/\/www.europesays.com\/pt\/wp-json\/wp\/v2\/comments?post=25080"}],"version-history":[{"count":0,"href":"https:\/\/www.europesays.com\/pt\/wp-json\/wp\/v2\/posts\/25080\/revisions"}],"wp:featuredmedia":[{"embeddable":true,"href":"https:\/\/www.europesays.com\/pt\/wp-json\/wp\/v2\/media\/25081"}],"wp:attachment":[{"href":"https:\/\/www.europesays.com\/pt\/wp-json\/wp\/v2\/media?parent=25080"}],"wp:term":[{"taxonomy":"category","embeddable":true,"href":"https:\/\/www.europesays.com\/pt\/wp-json\/wp\/v2\/categories?post=25080"},{"taxonomy":"post_tag","embeddable":true,"href":"https:\/\/www.europesays.com\/pt\/wp-json\/wp\/v2\/tags?post=25080"}],"curies":[{"name":"wp","href":"https:\/\/api.w.org\/{rel}","templated":true}]}}