{"id":250813,"date":"2026-01-30T22:03:12","date_gmt":"2026-01-30T22:03:12","guid":{"rendered":"https:\/\/www.europesays.com\/pt\/250813\/"},"modified":"2026-01-30T22:03:12","modified_gmt":"2026-01-30T22:03:12","slug":"apos-encontro-com-marcia-soares-francisco-monteiro-partilha-mensagem-enigmatica-e-pormenor-salta-a-vista","status":"publish","type":"post","link":"https:\/\/www.europesays.com\/pt\/250813\/","title":{"rendered":"Ap\u00f3s encontro com Marcia Soares, Francisco Monteiro partilha mensagem enigm\u00e1tica&#8230; e pormenor salta \u00e0 vista!"},"content":{"rendered":"<p>Ap\u00f3s um longo per\u00edodo de afastamento, Marcia Soares e Francisco Monteiro retomaram a rela\u00e7\u00e3o de amizade e, esta quinta-feira, dia 29, reencontraram-se para uma aula de padel, \u00e0 qual se seguiu um almo\u00e7o.<\/p>\n<p>Depois de ter estado com a luxemburguesa, que conheceu durante a passagem de ambos pelo &#8220;<a href=\"https:\/\/tvi.iol.pt\/bigbrother\/\" target=\"_blank\" rel=\"nofollow noopener\">Big Brother<\/a> 2023&#8243;, o nortenho recorreu ao Instagram para partilhar uma enigm\u00e1tica mensagem. &#8220;Algumas pessoas perdem diamantes \u00e0 procura de pedras&#8221;, pode ler-se, numa frase originalmente escrita em ingl\u00eas.<\/p>\n<p>Um outro pormenor chamou a aten\u00e7\u00e3o dos f\u00e3s de <a href=\"https:\/\/selfie.iol.pt\/famosos\/francisco-monteiro\/francisco-monteiro-confronta-amigo-especial-de-barbara-parada-veja-o-video\/20260130\/697c817cd34e92a3449834fa\" target=\"_blank\" rel=\"nofollow noopener\">Francisco Monteiro<\/a> e Marcia Soares: a can\u00e7\u00e3o que Zaza escolheu para acompanhar esta reflex\u00e3o. O comentador de reality shows da <a href=\"https:\/\/tvi.iol.pt\/\" target=\"_blank\" rel=\"nofollow noopener\">TVI<\/a> optou por um excerto do tema &#8220;Vou continuar&#8221;, que Bispo lan\u00e7ou em parceria com com Gama.<\/p>\n<p>&#8220;Quero agradecer por estar vivo \/ Por ter o que ontem n\u00e3o tinha \/\u00a0Eu &#8217;tou a ver mais que um motivo \/ Pa&#8217; cada vez mais estar na linha \/ N\u00e3o posso esquecer o que eu tive \/ E deixei de te ter por culpa minha \/ N\u00e3o posso esquecer o que teve que ser \/ Porque perder ensina \/ E eu penso no quanto eu perdi \/ Naquilo que eu tive que d\u0435ixar bazar \/ \u00c0s vezes, a cabe\u00e7a atrofia, sim&#8221;, ouve-se.<\/p>\n<p>Veja, agora, nas galerias que prepar\u00e1mos para si, as melhores imagens de <a href=\"https:\/\/selfie.iol.pt\/famosos\/marcia-soares\/zarcia-is-back-francisco-monteiro-deixa-garantia-sobre-relacao-com-marcia-soares\/20260130\/697cb811d34e92a344983907\" target=\"_blank\" rel=\"nofollow noopener\">Marcia Soares<\/a> e Francisco Monteiro.<\/p>\n<p style=\"text-align:center\"><img loading=\"lazy\" decoding=\"async\" alt=\"\" height=\"898\" src=\"https:\/\/www.europesays.com\/pt\/wp-content\/uploads\/2026\/01\/697cbe4bd34e92a34498393a.webp\" width=\"500\"\/><\/p>\n<p>\u00a0<\/p>\n","protected":false},"excerpt":{"rendered":"Ap\u00f3s um longo per\u00edodo de afastamento, Marcia Soares e Francisco Monteiro retomaram a rela\u00e7\u00e3o de amizade e, esta&hellip;\n","protected":false},"author":2,"featured_media":208535,"comment_status":"","ping_status":"","sticky":false,"template":"","format":"standard","meta":{"footnotes":"","_share_on_mastodon":"0"},"categories":[142],"tags":[6308,6981,48,6982,13933,6980,114,115,6309,980,2071,1015,2038,619,32,33,1014,1012,151,162,6813],"class_list":["post-250813","post","type-post","status-publish","format-standard","has-post-thumbnail","category-tv","tag-bb","tag-bb2023","tag-big-brother","tag-big-brother-2023","tag-comentador","tag-comentadora","tag-entertainment","tag-entretenimento","tag-ex-concorrente","tag-famosos","tag-francisco-monteiro","tag-instagram","tag-marcia-soares","tag-nacional","tag-portugal","tag-pt","tag-reality-show","tag-selfie","tag-tv","tag-tvi","tag-vencedor"],"share_on_mastodon":{"url":"https:\/\/pubeurope.com\/@pt\/115986314393861754","error":""},"_links":{"self":[{"href":"https:\/\/www.europesays.com\/pt\/wp-json\/wp\/v2\/posts\/250813","targetHints":{"allow":["GET"]}}],"collection":[{"href":"https:\/\/www.europesays.com\/pt\/wp-json\/wp\/v2\/posts"}],"about":[{"href":"https:\/\/www.europesays.com\/pt\/wp-json\/wp\/v2\/types\/post"}],"author":[{"embeddable":true,"href":"https:\/\/www.europesays.com\/pt\/wp-json\/wp\/v2\/users\/2"}],"replies":[{"embeddable":true,"href":"https:\/\/www.europesays.com\/pt\/wp-json\/wp\/v2\/comments?post=250813"}],"version-history":[{"count":0,"href":"https:\/\/www.europesays.com\/pt\/wp-json\/wp\/v2\/posts\/250813\/revisions"}],"wp:featuredmedia":[{"embeddable":true,"href":"https:\/\/www.europesays.com\/pt\/wp-json\/wp\/v2\/media\/208535"}],"wp:attachment":[{"href":"https:\/\/www.europesays.com\/pt\/wp-json\/wp\/v2\/media?parent=250813"}],"wp:term":[{"taxonomy":"category","embeddable":true,"href":"https:\/\/www.europesays.com\/pt\/wp-json\/wp\/v2\/categories?post=250813"},{"taxonomy":"post_tag","embeddable":true,"href":"https:\/\/www.europesays.com\/pt\/wp-json\/wp\/v2\/tags?post=250813"}],"curies":[{"name":"wp","href":"https:\/\/api.w.org\/{rel}","templated":true}]}}