{"id":25082,"date":"2025-08-11T16:25:17","date_gmt":"2025-08-11T16:25:17","guid":{"rendered":"https:\/\/www.europesays.com\/pt\/25082\/"},"modified":"2025-08-11T16:25:17","modified_gmt":"2025-08-11T16:25:17","slug":"ufpe-sedia-i-simposio-multidisciplinar-de-obesidade-com-foco-em-estrategias-de-abordagens-e-tratamentos-universidade-federal-de-pernambuco","status":"publish","type":"post","link":"https:\/\/www.europesays.com\/pt\/25082\/","title":{"rendered":"UFPE sedia I Simp\u00f3sio Multidisciplinar de Obesidade com foco em estrat\u00e9gias de abordagens e tratamentos &#8211; Universidade Federal de Pernambuco"},"content":{"rendered":"<p>O evento reunir\u00e1 especialistas de diferentes \u00e1reas do conhecimento para discutir aspectos relacionados \u00e0 obesidade sob uma perspectiva integral e multidisciplinar<\/p>\n<p><img decoding=\"async\" alt=\"\" src=\"https:\/\/www.europesays.com\/pt\/wp-content\/uploads\/2025\/08\/f115650c-1f15-4e02-96ea-a0fa41796f56\" style=\"margin: 5px; float: right;\"\/> <\/p>\n<p>A Universidade Federal de Pernambuco (UFPE) vai sediar, de 13 a 15 de agosto, o I Simp\u00f3sio Multidisciplinar de Obesidade (I Simobe): Estrat\u00e9gias de abordagens e tratamentos. O evento, que ocorrer\u00e1 no audit\u00f3rio Professor Denis Bernardes, no Centro de Ci\u00eancias Sociais Aplicadas (CCSA), no Campus Recife, reunir\u00e1 35 especialistas de diferentes \u00e1reas do conhecimento \u2013 Medicina, Educa\u00e7\u00e3o F\u00edsica, Nutri\u00e7\u00e3o, Psicologia, Fisioterapia, entre outras \u2013 para discutir, de forma atualizada e aprofundada, aspectos relacionados \u00e0 obesidade sob uma perspectiva integral e multidisciplinar.<\/p>\n<p>Com programa\u00e7\u00e3o diversificada, o simp\u00f3sio contar\u00e1 com tr\u00eas minicursos e duas sess\u00f5es cient\u00edficas para apresenta\u00e7\u00e3o de temas livres orais, proporcionando um espa\u00e7o de troca de conhecimentos e experi\u00eancias entre pesquisadores, profissionais e estudantes. A proposta \u00e9 oferecer subs\u00eddios te\u00f3ricos e pr\u00e1ticos que contribuam para o avan\u00e7o das estrat\u00e9gias de preven\u00e7\u00e3o, diagn\u00f3stico e tratamento da obesidade, condi\u00e7\u00e3o de grande impacto na sa\u00fade p\u00fablica. Os participantes receber\u00e3o certificado de 30 horas, com frequ\u00eancia m\u00ednima de 75%.<\/p>\n<p>\u201cO simp\u00f3sio tem uma proposta multidisciplinar que debater\u00e1 estrat\u00e9gias eficazes e abordagens inovadoras voltadas ao enfrentamento da obesidade, quest\u00e3o de sa\u00fade p\u00fablica que afeta milh\u00f5es de pessoas no mundo. Trazendo assim uma mudan\u00e7a no perfil da teoria para a cl\u00ednica aplicada no mercado\u201d, explica o coordenador do evento, Paulo Roberto Cavalcanti Carvalho, que \u00e9 chefe do Servi\u00e7o de Promo\u00e7\u00e3o de Sa\u00fade e Qualidade de Vida do Hospital das Cl\u00ednicas da UFPE. A realiza\u00e7\u00e3o do evento \u00e9 do Servi\u00e7o de Promo\u00e7\u00e3o da Sa\u00fade e Qualidade de Vida e do Laborat\u00f3rio Avan\u00e7ado de Educa\u00e7\u00e3o F\u00edsica e Sa\u00fade (Laefes) do Hospital das Cl\u00ednicas da UFPE e do CCSA. O HC \u00e9 administrado pela Empresa Brasileira de Servi\u00e7os Hospitalares (Ebserh).<\/p>\n<p>As inscri\u00e7\u00f5es e mais informa\u00e7\u00f5es est\u00e3o dispon\u00edveis no <a href=\"http:\/\/www.simposioobesidade.com.br\/\" target=\"_blank\" rel=\"nofollow noopener\">site do evento<\/a>, pelo e-mail <a href=\"https:\/\/www.ufpe.br\/inicio\/-\/asset_publisher\/55e3vpMwmIA2\/content\/ufpe-sedia-i-simposio-multidisciplinar-de-obesidade-com-foco-em-estrategias-de-abordagens-e-tratamentos\/mailto:contato@simposioobesidade.com.br\" rel=\"nofollow noopener\" target=\"_blank\">contato@simposioobesidade.com.br<\/a> e no Instagram <a href=\"https:\/\/www.instagram.com\/simposio.obesidade\" target=\"_blank\" rel=\"nofollow noopener\">@simposio.obesidade<\/a>.<\/p>\n<p><strong>Sobre a Ebserh<\/strong><br \/>O HC-UFPE faz parte da Rede Ebserh desde 2013. Vinculada ao Minist\u00e9rio da Educa\u00e7\u00e3o (MEC), a Ebserh foi criada em 2011 e, atualmente, administra 45 hospitais universit\u00e1rios federais, apoiando e impulsionando suas atividades por meio de uma gest\u00e3o de excel\u00eancia. Como hospitais vinculados a universidades federais, essas unidades t\u00eam caracter\u00edsticas espec\u00edficas: atendem pacientes do Sistema \u00danico de Sa\u00fade (SUS) ao mesmo tempo que apoiam a forma\u00e7\u00e3o de profissionais de sa\u00fade e o desenvolvimento de pesquisas e inova\u00e7\u00e3o.<\/p>\n<p><script async src=\"\/\/www.instagram.com\/embed.js\"><\/script><\/p>\n","protected":false},"excerpt":{"rendered":"O evento reunir\u00e1 especialistas de diferentes \u00e1reas do conhecimento para discutir aspectos relacionados \u00e0 obesidade sob uma perspectiva&hellip;\n","protected":false},"author":2,"featured_media":25083,"comment_status":"","ping_status":"","sticky":false,"template":"","format":"standard","meta":{"footnotes":""},"categories":[86],"tags":[1661,8613,116,8611,13,1022,32,33,117,8612,8614],"class_list":{"0":"post-25082","1":"post","2":"type-post","3":"status-publish","4":"format-standard","5":"has-post-thumbnail","7":"category-saude","8":"tag-destaque","9":"tag-ebserh","10":"tag-health","11":"tag-hospital-das-clinicas","12":"tag-noticias","13":"tag-obesidade","14":"tag-portugal","15":"tag-pt","16":"tag-saude","17":"tag-simposio","18":"tag-ufpe-universidade-federal-de-pernambuco"},"share_on_mastodon":{"url":"","error":""},"_links":{"self":[{"href":"https:\/\/www.europesays.com\/pt\/wp-json\/wp\/v2\/posts\/25082","targetHints":{"allow":["GET"]}}],"collection":[{"href":"https:\/\/www.europesays.com\/pt\/wp-json\/wp\/v2\/posts"}],"about":[{"href":"https:\/\/www.europesays.com\/pt\/wp-json\/wp\/v2\/types\/post"}],"author":[{"embeddable":true,"href":"https:\/\/www.europesays.com\/pt\/wp-json\/wp\/v2\/users\/2"}],"replies":[{"embeddable":true,"href":"https:\/\/www.europesays.com\/pt\/wp-json\/wp\/v2\/comments?post=25082"}],"version-history":[{"count":0,"href":"https:\/\/www.europesays.com\/pt\/wp-json\/wp\/v2\/posts\/25082\/revisions"}],"wp:featuredmedia":[{"embeddable":true,"href":"https:\/\/www.europesays.com\/pt\/wp-json\/wp\/v2\/media\/25083"}],"wp:attachment":[{"href":"https:\/\/www.europesays.com\/pt\/wp-json\/wp\/v2\/media?parent=25082"}],"wp:term":[{"taxonomy":"category","embeddable":true,"href":"https:\/\/www.europesays.com\/pt\/wp-json\/wp\/v2\/categories?post=25082"},{"taxonomy":"post_tag","embeddable":true,"href":"https:\/\/www.europesays.com\/pt\/wp-json\/wp\/v2\/tags?post=25082"}],"curies":[{"name":"wp","href":"https:\/\/api.w.org\/{rel}","templated":true}]}}