{"id":25086,"date":"2025-08-11T16:34:10","date_gmt":"2025-08-11T16:34:10","guid":{"rendered":"https:\/\/www.europesays.com\/pt\/25086\/"},"modified":"2025-08-11T16:34:10","modified_gmt":"2025-08-11T16:34:10","slug":"fome-em-gaza-das-imagens-encenadas-a-realidade-alarmante-observador","status":"publish","type":"post","link":"https:\/\/www.europesays.com\/pt\/25086\/","title":{"rendered":"Fome em Gaza. Das imagens encenadas \u00e0 realidade alarmante \u2013 Observador"},"content":{"rendered":"<p>As fotografias da Faixa de Gaza mostram, ainda assim, pessoas desesperadas \u00e0 procura de comida, o que comprova muitos dos relatos feitos por v\u00e1rias organiza\u00e7\u00f5es internacionais que est\u00e3o no terreno. As Na\u00e7\u00f5es Unidas denunciam uma situa\u00e7\u00e3o alarmante de fome na regi\u00e3o, que chegou a um<strong> \u201cn\u00edvel sem precedentes\u201d.<\/strong> O Minist\u00e9rio da Sa\u00fade palestiniano, controlado pelo Hamas, enumera diariamente os n\u00fameros de v\u00edtimas mortais resultantes da fome.<\/p>\n<p>At\u00e9 o Presidente dos Estados Unidos da Am\u00e9rica (EUA), Donald Trump, confessou ver as fotografias e ter ficado chocado. \u201cAlgumas das crian\u00e7as vivem mesmo com fome. N\u00e3o se consegue falsificar\u201d, disse. Sendo um dos maiores aliados de Israel, o l\u00edder norte-americano considerou priorit\u00e1rio que entrasse mais ajuda humanit\u00e1ria no enclave palestiniano, algo com que Telavive acabou por concordar.<\/p>\n<p>Israel empenha-se agora numa miss\u00e3o: demonstrar que muitas das fotografias publicadas na imprensa internacional <strong>n\u00e3o passam de \u201cpropaganda\u201d<\/strong>. Ainda na passada quarta-feira, a conta oficial de Israel no X, depois da pol\u00e9mica sobre o New York Times, criticou a capa da edi\u00e7\u00e3o mais recente da revista Time. \u201cOs fot\u00f3grafos do Hamas encenam para fins de propaganda\u201d, l\u00ea-se numa publica\u00e7\u00e3o, em que se utiliza o termo \u201cPallywood\u201d \u2014 uma mistura entre Palestina e Hollywood. Muitas das imagens que fazem manchete, prossegue Telavive, servem para \u201cprovocar emo\u00e7\u00f5es\u201d com a \u201ccumplicidade dos meios de comunica\u00e7\u00e3o social\u201d que \u201cdescartam a verdade\u201d.<\/p>\n<blockquote class=\"twitter-tweet\" data-width=\"500\" data-dnt=\"true\">\n<p lang=\"en\" dir=\"ltr\">One photo was staged. The other debunked it.<\/p>\n<p>While <a href=\"https:\/\/twitter.com\/BILD?ref_src=twsrc%5Etfw\" rel=\"nofollow noopener\" target=\"_blank\">@BILD<\/a> revealed how Hamas photographers engineer scenes for propaganda, Time Magazine plays into the propaganda.<\/p>\n<p>This is how Pallywood works:<br \/>Manufactured emotion. Media complicity. Truth discarded. <a href=\"https:\/\/twitter.com\/TIME?ref_src=twsrc%5Etfw\" rel=\"nofollow noopener\" target=\"_blank\">@TIME<\/a> Where is your\u2026 <a href=\"https:\/\/t.co\/kpwlyqxgqB\" rel=\"nofollow\">pic.twitter.com\/kpwlyqxgqB<\/a><\/p>\n<p>\u2014 Israel \u05d9\u05e9\u05e8\u05d0\u05dc (@Israel) <a href=\"https:\/\/twitter.com\/Israel\/status\/1953020100488864033?ref_src=twsrc%5Etfw\" rel=\"nofollow noopener\" target=\"_blank\">August 6, 2025<\/a><\/p>\n<\/blockquote>\n<p><strong>Israel n\u00e3o permite a entrada nem de jornalistas, nem de fotojornalistas na Faixa de Gaza.<\/strong> Numa entrevista \u00e0 CNN Portugal, o embaixador israelita em Lisboa, Oren Rozenblat, garantiu que o pa\u00eds n\u00e3o estava a planear mudar esta norma, justificando que a situa\u00e7\u00e3o no terreno era \u201cmuito complicada\u201d e explicando que havia \u201cterroristas que apareciam como civis\u201d.<\/p>\n<p>Isto significa que os fotojornalistas que est\u00e3o na Faixa de Gaza t\u00eam de receber autoriza\u00e7\u00e3o do Hamas para estar no terreno \u2014 e estar suscet\u00edveis \u00e0s suas press\u00f5es. <a href=\"https:\/\/www.sueddeutsche.de\/politik\/gaza-hunger-bilder-experten-propaganda-hamas-israel-li.3291720?reduced=true\" rel=\"nofollow noopener\" target=\"_blank\">Em declara\u00e7\u00f5es ao jornal alem\u00e3o S\u00fcddeutsche\u00a0Zeitung<\/a>, Christopher Resch, porta-voz da organiza\u00e7\u00e3o Rep\u00f3rteres Sem Fronteiras para o M\u00e9dio Oriente, esclarece que, mesmo antes de 7 de outubro, nenhum jornalista em Gaza criticava diretamente o grupo isl\u00e2mico, mesmo que o \u201ctrabalho jornal\u00edstico sem influ\u00eancias fosse poss\u00edvel\u201d.<\/p>\n<p>Atualmente, numa altura que o grupo isl\u00e2mico trava uma guerra contra Israel, Christopher Resch considera que <strong>\u201ch\u00e1 poucas coisas que passam despercebidas ao Hamas\u201d,<\/strong> particularmente no sul da Faixa de Gaza. Ou seja, as fotografias ser\u00e3o, em \u00faltima inst\u00e2ncia, sempre do interesse da organiza\u00e7\u00e3o isl\u00e2mica que sejam publicadas.<\/p>\n<p><script async src=\"https:\/\/platform.twitter.com\/widgets.js\" charset=\"utf-8\"><\/script><\/p>\n","protected":false},"excerpt":{"rendered":"As fotografias da Faixa de Gaza mostram, ainda assim, pessoas desesperadas \u00e0 procura de comida, o que comprova&hellip;\n","protected":false},"author":2,"featured_media":25087,"comment_status":"","ping_status":"","sticky":false,"template":"","format":"standard","meta":{"footnotes":""},"categories":[50],"tags":[27,28,257,15,16,14,25,26,21,22,310,62,12,13,19,20,23,24,17,18,29,30,31,63,64,65],"class_list":{"0":"post-25086","1":"post","2":"type-post","3":"status-publish","4":"format-standard","5":"has-post-thumbnail","7":"category-mundo","8":"tag-breaking-news","9":"tag-breakingnews","10":"tag-faixa-de-gaza","11":"tag-featured-news","12":"tag-featurednews","13":"tag-headlines","14":"tag-latest-news","15":"tag-latestnews","16":"tag-main-news","17":"tag-mainnews","18":"tag-mu00e9dio-oriente","19":"tag-mundo","20":"tag-news","21":"tag-noticias","22":"tag-noticias-principais","23":"tag-noticiasprincipais","24":"tag-principais-noticias","25":"tag-principaisnoticias","26":"tag-top-stories","27":"tag-topstories","28":"tag-ultimas","29":"tag-ultimas-noticias","30":"tag-ultimasnoticias","31":"tag-world","32":"tag-world-news","33":"tag-worldnews"},"share_on_mastodon":{"url":"","error":""},"_links":{"self":[{"href":"https:\/\/www.europesays.com\/pt\/wp-json\/wp\/v2\/posts\/25086","targetHints":{"allow":["GET"]}}],"collection":[{"href":"https:\/\/www.europesays.com\/pt\/wp-json\/wp\/v2\/posts"}],"about":[{"href":"https:\/\/www.europesays.com\/pt\/wp-json\/wp\/v2\/types\/post"}],"author":[{"embeddable":true,"href":"https:\/\/www.europesays.com\/pt\/wp-json\/wp\/v2\/users\/2"}],"replies":[{"embeddable":true,"href":"https:\/\/www.europesays.com\/pt\/wp-json\/wp\/v2\/comments?post=25086"}],"version-history":[{"count":0,"href":"https:\/\/www.europesays.com\/pt\/wp-json\/wp\/v2\/posts\/25086\/revisions"}],"wp:featuredmedia":[{"embeddable":true,"href":"https:\/\/www.europesays.com\/pt\/wp-json\/wp\/v2\/media\/25087"}],"wp:attachment":[{"href":"https:\/\/www.europesays.com\/pt\/wp-json\/wp\/v2\/media?parent=25086"}],"wp:term":[{"taxonomy":"category","embeddable":true,"href":"https:\/\/www.europesays.com\/pt\/wp-json\/wp\/v2\/categories?post=25086"},{"taxonomy":"post_tag","embeddable":true,"href":"https:\/\/www.europesays.com\/pt\/wp-json\/wp\/v2\/tags?post=25086"}],"curies":[{"name":"wp","href":"https:\/\/api.w.org\/{rel}","templated":true}]}}