{"id":25088,"date":"2025-08-11T16:35:07","date_gmt":"2025-08-11T16:35:07","guid":{"rendered":"https:\/\/www.europesays.com\/pt\/25088\/"},"modified":"2025-08-11T16:35:07","modified_gmt":"2025-08-11T16:35:07","slug":"enganava-alarmes-das-lojas-com-papel-de-aluminio-foi-apanhado-na-av-da-liberdade-roubo","status":"publish","type":"post","link":"https:\/\/www.europesays.com\/pt\/25088\/","title":{"rendered":"Enganava alarmes das lojas com papel de alum\u00ednio. Foi apanhado na Av. da Liberdade | Roubo"},"content":{"rendered":"<p>Um homem de 51 anos foi apanhado na semana passada pela pol\u00edcia a sair de uma loja da Avenida da Liberdade, em Lisboa, com 11 T-shirts e tr\u00eas pares de \u00f3culos. Nem o vestu\u00e1rio nem os acess\u00f3rios tinham passado pela caixa registadora, gra\u00e7as a um expediente bem conhecido das autoridades: recorria a papel de alum\u00ednio para neutralizar os alarmes das lojas, um cl\u00e1ssico neste tipo de <a href=\"https:\/\/www.publico.pt\/2025\/04\/06\/sociedade\/noticia\/duas-mulheres-detidas-furtos-20-mil-euros-lojas-aeroporto-lisboa-2128720\" rel=\"nofollow noopener\" target=\"_blank\">furtos<\/a>, tendo tamb\u00e9m na sua posse, al\u00e9m de um rolo deste material, um alicate para cortar os alarmes. \u201cEncontrava-se bastante apetrechado para cometer estes il\u00edcitos criminais e denotava bastante pr\u00e1tica\u201d, descreve em comunicado a PSP, que o interceptou \u201cquando sa\u00eda em passo acelerado de uma das lojas da Avenida, o que levantou suspeitas\u201d.<\/p>\n<p>Tanto nesta zona de lojas de luxo como na Baixa, comerciantes e lojistas t\u00eam-se queixado ultimamente do aumento dos furtos e dos roubos, motivando ac\u00e7\u00f5es de vigil\u00e2ncia das autoridades. O ladr\u00e3o da Avenida \u201candava bastante activo nos \u00faltimos dias\u201d, refere a PSP, acrescentando que, no ano passado, ainda se encontrava na pris\u00e3o pelo mesmo tipo de delito, tendo sido libertado ainda em 2024. Ir\u00e1 agora ser julgado. As T-shirts e os tr\u00eas pares de \u00f3culos, que subtraiu de uma casa de \u00f3ptica, foram avaliados em 530 euros.<\/p>\n<p>Outro homem, mais novo e natural da G\u00e2mbia, foi igualmente detido na semana passada por se dedicar ao <a href=\"https:\/\/www.publico.pt\/2025\/02\/10\/sociedade\/noticia\/psp-deteve-homem-suspeito-furtar-18-mil-euros-perfumes-aeroporto-lisboa-2121955\" rel=\"nofollow noopener\" target=\"_blank\">mesmo tipo de actividade<\/a>, tamb\u00e9m na Baixa de Lisboa. Com 23 anos de idade, \u201candava j\u00e1 a ser investigado devido \u00e0 sua conduta bastante violenta\u201d, explica a PSP. \u00c9 suspeito de roubar telem\u00f3veis nas esta\u00e7\u00f5es do metro e do comboio e o arrombamento da montra de uma loja da Rua do Carmo, durante a madrugada, rendeu-lhe 2400 euros. Para se apoderar de tr\u00eas auriculares de um estabelecimento comercial da Rua dos Fanqueiros, amea\u00e7ou a empregada com uma garrafa de vidro. Mesmo assim, esta ainda o perseguiu rua fora, numa tentativa de reaver os bens furtados. A sua actua\u00e7\u00e3o na Baixa tornou-se de tal forma not\u00f3ria que j\u00e1 corria em v\u00eddeos nas redes sociais. Presente a primeiro interrogat\u00f3rio judicial, ficou a aguardar julgamento em pris\u00e3o preventiva.<\/p>\n","protected":false},"excerpt":{"rendered":"Um homem de 51 anos foi apanhado na semana passada pela pol\u00edcia a sair de uma loja da&hellip;\n","protected":false},"author":2,"featured_media":25089,"comment_status":"","ping_status":"","sticky":false,"template":"","format":"standard","meta":{"footnotes":""},"categories":[10],"tags":[995,8616,8615,27,28,604,353,15,16,14,25,26,797,21,22,12,13,19,20,1086,32,23,24,1306,33,5941,58,17,18,29,30,31],"class_list":{"0":"post-25088","1":"post","2":"type-post","3":"status-publish","4":"format-standard","5":"has-post-thumbnail","7":"category-portugal","8":"tag-abre-conteudo","9":"tag-avenida-da-liberdade","10":"tag-baixa","11":"tag-breaking-news","12":"tag-breakingnews","13":"tag-crime","14":"tag-em-destaque","15":"tag-featured-news","16":"tag-featurednews","17":"tag-headlines","18":"tag-latest-news","19":"tag-latestnews","20":"tag-lisboa","21":"tag-main-news","22":"tag-mainnews","23":"tag-news","24":"tag-noticias","25":"tag-noticias-principais","26":"tag-noticiasprincipais","27":"tag-policia","28":"tag-portugal","29":"tag-principais-noticias","30":"tag-principaisnoticias","31":"tag-psp","32":"tag-pt","33":"tag-roubo","34":"tag-sociedade","35":"tag-top-stories","36":"tag-topstories","37":"tag-ultimas","38":"tag-ultimas-noticias","39":"tag-ultimasnoticias"},"share_on_mastodon":{"url":"","error":""},"_links":{"self":[{"href":"https:\/\/www.europesays.com\/pt\/wp-json\/wp\/v2\/posts\/25088","targetHints":{"allow":["GET"]}}],"collection":[{"href":"https:\/\/www.europesays.com\/pt\/wp-json\/wp\/v2\/posts"}],"about":[{"href":"https:\/\/www.europesays.com\/pt\/wp-json\/wp\/v2\/types\/post"}],"author":[{"embeddable":true,"href":"https:\/\/www.europesays.com\/pt\/wp-json\/wp\/v2\/users\/2"}],"replies":[{"embeddable":true,"href":"https:\/\/www.europesays.com\/pt\/wp-json\/wp\/v2\/comments?post=25088"}],"version-history":[{"count":0,"href":"https:\/\/www.europesays.com\/pt\/wp-json\/wp\/v2\/posts\/25088\/revisions"}],"wp:featuredmedia":[{"embeddable":true,"href":"https:\/\/www.europesays.com\/pt\/wp-json\/wp\/v2\/media\/25089"}],"wp:attachment":[{"href":"https:\/\/www.europesays.com\/pt\/wp-json\/wp\/v2\/media?parent=25088"}],"wp:term":[{"taxonomy":"category","embeddable":true,"href":"https:\/\/www.europesays.com\/pt\/wp-json\/wp\/v2\/categories?post=25088"},{"taxonomy":"post_tag","embeddable":true,"href":"https:\/\/www.europesays.com\/pt\/wp-json\/wp\/v2\/tags?post=25088"}],"curies":[{"name":"wp","href":"https:\/\/api.w.org\/{rel}","templated":true}]}}