{"id":25096,"date":"2025-08-11T16:40:15","date_gmt":"2025-08-11T16:40:15","guid":{"rendered":"https:\/\/www.europesays.com\/pt\/25096\/"},"modified":"2025-08-11T16:40:15","modified_gmt":"2025-08-11T16:40:15","slug":"quem-e-joao-silva-filho-de-faustao-que-segue-os-passos-do-pai-como-apresentador-na-tv","status":"publish","type":"post","link":"https:\/\/www.europesays.com\/pt\/25096\/","title":{"rendered":"Quem \u00e9 Jo\u00e3o Silva, filho de Faust\u00e3o que segue os passos do pai como apresentador na TV"},"content":{"rendered":"<p>                        <a href=\"https:\/\/img.nsctotal.com.br\/wp-content\/uploads\/2025\/08\/Quem-Joao-Silva-filho-de-Faustao-que-segue-os-passos-do-pai-como-apresentador-na-TV-1.jpg\" data-caption=\"Quem Jo\u00e3o Silva, filho de Faust\u00e3o que segue os passos do pai como apresentador na TV (Foto: Globoplay e Redes sociais, Reprodu\u00e7\u00e3o)\" aria-label=\"Quem Jo\u00e3o Silva, filho de Faust\u00e3o que segue os passos do pai como apresentador na TV (Foto: Globoplay e Redes sociais, Reprodu\u00e7\u00e3o)\" rel=\"nofollow noopener\" target=\"_blank\"><img width=\"944\" height=\"531\" src=\"https:\/\/www.europesays.com\/pt\/wp-content\/uploads\/2025\/08\/Quem-Joao-Silva-filho-de-Faustao-que-segue-os-passos-do-pai-como-apresentador-na-TV-1-944x531.jpg\" class=\"attachment-custom-large size-custom-large article-featured-image\" alt=\"Quem Jo\u00e3o Silva, filho de Faust\u00e3o que segue os passos do pai como apresentador na TV (1)\" fetchpriority=\"high\" decoding=\"async\"  \/><\/a><\/p>\n<p>Jo\u00e3o Silva \u00e9 o filho do meio de Faust\u00e3o (Foto: Globoplay e Redes sociais, Reprodu\u00e7\u00e3o)<\/p>\n<p>Jo\u00e3o Guilherme Silva \u00e9 o filho do meio de Faust\u00e3o. Ele ganhou destaque na m\u00eddia ao participar do programa de audit\u00f3rio que o pai tinha na Band. Jo\u00e3o assumiu o programa ap\u00f3s a sa\u00edda repentina de Faust\u00e3o, em maio. Na \u00e9poca, em entrevista ao UOL, ele contou que tinha o sonho de ter um programa pr\u00f3prio.<\/p>\n<p>Continua depois da publicidade<\/p>\n<p>Na madrugada do \u00faltimo s\u00e1bado (9) para domingo (10), Jo\u00e3o Silva fez sua estreia como no SBT com o Programa do Jo\u00e3o, seu primeiro programa de audit\u00f3rio. A audi\u00eancia marcou m\u00e9dia de 2 pontos na Grande S\u00e3o Paulo, segundo dados pr\u00e9vios do Kantar Ibope.<\/p>\n<p>O filho de Faust\u00e3o, namora a modelo Schynaider Moura, 35,\u00a0que \u00e9 16 anos mais velha que ele. Na \u00e9poca em que come\u00e7aram a se relacionar, Jo\u00e3o tinha 17 anos.<\/p>\n<p>Jo\u00e3o Silva sempre fez quest\u00e3o de ressaltar publicamente o bom relacionamento que tem com Fausto Silva, a quem j\u00e1 afirmou no ar ter sido seu \u201csuper-her\u00f3i\u201d na inf\u00e2ncia.<\/p>\n<p>Continua depois da publicidade<\/p>\n<p>\u2014 Eu tive esse exemplo profissional desde muito cedo. Nunca vou me esquecer da gente viajando juntos, e eu perguntava: \u201cP\u00f4, pai, por que voc\u00ea precisa tirar foto com todo mundo?\u201d. Ele falou: \u201cSem essas pessoas eu n\u00e3o sou ningu\u00e9m\u201d. Como profissional e como pai, ele \u00e9 exemplo pra mim e sempre vai ser \u2014 destacou.<\/p>\n<p>A \u201cestreia\u201d de Jo\u00e3o Guilherme Silva foi em 24 de agosto de 2014, quando tinha apenas 10 anos de idade, ainda distante da fun\u00e7\u00e3o de apresentador.<\/p>\n<p>\u2014 [Na \u00e9poca] tinha o \u201cdesafio do balde de gelo\u201d, uma manifesta\u00e7\u00e3o em prol da ELA [Esclerose Lateral Amiotr\u00f3fica]. Peguei um balde de pipoca e joguei no meu pai. Foi a primeira vez que apareci na televis\u00e3o \u2014 relembrou em conversa com Patr\u00edcia Abravanel no SBT, em dezembro de 2022.<\/p>\n<p>Continua depois da publicidade<\/p>\n<p>Trajet\u00f3ria na televis\u00e3o<\/p>\n<p>A escolha profissional de trilhar os caminhos do pai foi comentada por Jo\u00e3o Silva no programa Faust\u00e3o na Band, em maio de 2022.<\/p>\n<p>\u2014 Eu sempre quis trabalhar com comunica\u00e7\u00e3o. N\u00e3o sabia se era de fato na televis\u00e3o. Estudava no col\u00e9gio Objetivo, e tinha uma r\u00e1dio no col\u00e9gio. Comecei na r\u00e1dio e peguei gosto.Em geral, olhando os poucos meses que eu estou aqui, s\u00f3 vejo a parte positiva. Porque, para mim, isso aqui est\u00e1 sendo um aprendizado. Estar com uma porrada de cantores, atores, personalidades que v\u00eam no palco, estou aprendendo um pouquinho a cada dia. E o pessoal [da plateia] tamb\u00e9m, que me abra\u00e7ou de um jeito maravilhoso \u2014 relatou.<\/p>\n<p>Veja fotos de Faust\u00e3o<a href=\"https:\/\/www.europesays.com\/pt\/wp-content\/uploads\/2025\/08\/1754930412_470_faustao-3.jpg\"><a href=\"https:\/\/www.europesays.com\/pt\/wp-content\/uploads\/2025\/08\/1754930412_470_faustao-3.jpg\" aria-label=\"Imagem da Galeria\"><img loading=\"lazy\" decoding=\"async\" width=\"1200\" height=\"675\" data-id=\"7604180\" src=\"https:\/\/www.europesays.com\/pt\/wp-content\/uploads\/2025\/08\/1754930412_470_faustao-3.jpg\" alt=\"\" class=\"wp-image-7604180\"  \/><\/a><\/p>\n<p>Apresentador j\u00e1 havia sido submetido a um transplante de cora\u00e7\u00e3o, em agosto de 2023, e a outro de rim, em fevereiro de 2024 (Foto: Redes sociais, Reprodu\u00e7\u00e3o)<\/p>\n<p><a href=\"https:\/\/www.europesays.com\/pt\/wp-content\/uploads\/2025\/08\/faustao-2-1.jpg\"><a href=\"https:\/\/www.europesays.com\/pt\/wp-content\/uploads\/2025\/08\/faustao-2-1.jpg\" aria-label=\"Imagem da Galeria\"><img loading=\"lazy\" decoding=\"async\" width=\"1200\" height=\"675\" data-id=\"7604182\" src=\"https:\/\/www.europesays.com\/pt\/wp-content\/uploads\/2025\/08\/faustao-2-1.jpg\" alt=\"Entenda o que \u00e9 retransplante e sepse, termos m\u00e9dicos do quadro de sa\u00fade de Faust\u00e3o\" class=\"wp-image-7604182\"  \/><\/a><\/p>\n<p>Faust\u00e3o foi internado em maio de 2025 por conta de um quadro infeccioso (Foto: Globo, Divulga\u00e7\u00e3o)<\/p>\n<p><a href=\"https:\/\/www.europesays.com\/pt\/wp-content\/uploads\/2025\/08\/1754904911_457_faustao-4.jpg\"><a href=\"https:\/\/www.europesays.com\/pt\/wp-content\/uploads\/2025\/08\/1754904911_457_faustao-4.jpg\" aria-label=\"Imagem da Galeria\"><img loading=\"lazy\" decoding=\"async\" width=\"1200\" height=\"675\" data-id=\"7604181\" src=\"https:\/\/www.europesays.com\/pt\/wp-content\/uploads\/2025\/08\/1754904911_457_faustao-4.jpg\" alt=\"Entenda o que \u00e9 retransplante e sepse, termos m\u00e9dicos do quadro de sa\u00fade de Faust\u00e3o\" class=\"wp-image-7604181\"  \/><\/a><\/p>\n<p>Aos 75 anos, Faust\u00e3o precisou passar por transplante de f\u00edgado combinado a um retransplante renal (Foto: Redes sociais, Reprodu\u00e7\u00e3o)<\/p>\n<p><a href=\"https:\/\/www.europesays.com\/pt\/wp-content\/uploads\/2025\/08\/1754904911_418_faustao-1.jpg\"><a href=\"https:\/\/www.europesays.com\/pt\/wp-content\/uploads\/2025\/08\/1754904911_418_faustao-1.jpg\" aria-label=\"Imagem da Galeria\"><img loading=\"lazy\" decoding=\"async\" width=\"1200\" height=\"675\" data-id=\"7604178\" src=\"https:\/\/www.europesays.com\/pt\/wp-content\/uploads\/2025\/08\/1754904911_418_faustao-1.jpg\" alt=\"\" class=\"wp-image-7604178\"  \/><\/a><\/p>\n<p>O quadro de sepse, problema que atingiu Faust\u00e3o, \u00e9 normalmente conhecido como \u201cinfec\u00e7\u00e3o generalizada\u201d (Foto: Redes sociais, Reprodu\u00e7\u00e3o)<\/p>\n<p><a href=\"https:\/\/www.europesays.com\/pt\/wp-content\/uploads\/2025\/08\/faustao-2.jpg\"><a href=\"https:\/\/www.europesays.com\/pt\/wp-content\/uploads\/2025\/08\/faustao-2.jpg\" aria-label=\"Imagem da Galeria\"><img loading=\"lazy\" decoding=\"async\" width=\"1200\" height=\"675\" data-id=\"7604179\" src=\"https:\/\/www.europesays.com\/pt\/wp-content\/uploads\/2025\/08\/faustao-2.jpg\" alt=\"Entenda o que \u00e9 retransplante e sepse, termos m\u00e9dicos do quadro de sa\u00fade de Faust\u00e3o\" class=\"wp-image-7604179\"  \/><\/a><\/p>\n<p>A sepse<strong>\u00a0<\/strong>\u00e9 uma condi\u00e7\u00e3o s\u00e9ria que acontece quando o corpo reage de forma exagerada a uma infec\u00e7\u00e3o, podendo levar \u00e0 fal\u00eancia de \u00f3rg\u00e3os (Foto: TV Globo, Divulga\u00e7\u00e3o)<\/p>\n<p>VoltarAvan\u00e7ar<\/p>\n<p>Continua depois da publicidade<\/p>\n<p>*Sob supervis\u00e3o de Pablo Brito<\/p>\n<p>J\u00e1 que voc\u00ea se interessou por quem \u00e9 Jo\u00e3o Silva, talvez possa gostar de <a href=\"https:\/\/www.nsctotal.com.br\/noticias\/me-faz-falta-todos-os-dias-entenda-por-que-fabio-jr-e-fiuk-nao-se-falam-ha-quase-3-anos\" target=\"_blank\" rel=\"noreferrer noopener nofollow\"><strong>\u201cMe faz falta todos os dias\u201d: entenda por que F\u00e1bio Jr. e Fiuk n\u00e3o se falam h\u00e1 quase 3 anos<\/strong><\/a> e <a href=\"https:\/\/www.nsctotal.com.br\/noticias\/gala-de-vale-tudo-ja-foi-cantor-de-axe-modelo-na-europa-e-sobreviveu-a-atropelamento\" target=\"_blank\" rel=\"noreferrer noopener nofollow\"><strong>Gal\u00e3 de Vale Tudo j\u00e1 foi cantor de ax\u00e9, modelo na Europa e sobreviveu a atropelamento<\/strong><\/a><\/p>\n","protected":false},"excerpt":{"rendered":"Jo\u00e3o Silva \u00e9 o filho do meio de Faust\u00e3o (Foto: Globoplay e Redes sociais, Reprodu\u00e7\u00e3o) Jo\u00e3o Guilherme Silva&hellip;\n","protected":false},"author":2,"featured_media":25097,"comment_status":"","ping_status":"","sticky":false,"template":"","format":"standard","meta":{"footnotes":""},"categories":[142],"tags":[114,115,32,33,151,794],"class_list":{"0":"post-25096","1":"post","2":"type-post","3":"status-publish","4":"format-standard","5":"has-post-thumbnail","7":"category-tv","8":"tag-entertainment","9":"tag-entretenimento","10":"tag-portugal","11":"tag-pt","12":"tag-tv","13":"tag-voce-viu"},"share_on_mastodon":{"url":"","error":""},"_links":{"self":[{"href":"https:\/\/www.europesays.com\/pt\/wp-json\/wp\/v2\/posts\/25096","targetHints":{"allow":["GET"]}}],"collection":[{"href":"https:\/\/www.europesays.com\/pt\/wp-json\/wp\/v2\/posts"}],"about":[{"href":"https:\/\/www.europesays.com\/pt\/wp-json\/wp\/v2\/types\/post"}],"author":[{"embeddable":true,"href":"https:\/\/www.europesays.com\/pt\/wp-json\/wp\/v2\/users\/2"}],"replies":[{"embeddable":true,"href":"https:\/\/www.europesays.com\/pt\/wp-json\/wp\/v2\/comments?post=25096"}],"version-history":[{"count":0,"href":"https:\/\/www.europesays.com\/pt\/wp-json\/wp\/v2\/posts\/25096\/revisions"}],"wp:featuredmedia":[{"embeddable":true,"href":"https:\/\/www.europesays.com\/pt\/wp-json\/wp\/v2\/media\/25097"}],"wp:attachment":[{"href":"https:\/\/www.europesays.com\/pt\/wp-json\/wp\/v2\/media?parent=25096"}],"wp:term":[{"taxonomy":"category","embeddable":true,"href":"https:\/\/www.europesays.com\/pt\/wp-json\/wp\/v2\/categories?post=25096"},{"taxonomy":"post_tag","embeddable":true,"href":"https:\/\/www.europesays.com\/pt\/wp-json\/wp\/v2\/tags?post=25096"}],"curies":[{"name":"wp","href":"https:\/\/api.w.org\/{rel}","templated":true}]}}